{"id":12705,"date":"2025-03-06T15:54:02","date_gmt":"2025-03-06T18:54:02","guid":{"rendered":"https:\/\/laserenaradio.cl\/web\/?p=12705"},"modified":"2025-03-06T15:54:02","modified_gmt":"2025-03-06T18:54:02","slug":"la-camara-de-diputados-espera-explicaciones-del-dinero-depositado-por-joaquin-lavin","status":"publish","type":"post","link":"https:\/\/laserenaradio.cl\/web\/2025\/03\/06\/la-camara-de-diputados-espera-explicaciones-del-dinero-depositado-por-joaquin-lavin\/","title":{"rendered":"La C\u00e1mara de Diputados espera explicaciones del dinero depositado por Joaqu\u00edn Lav\u00edn"},"content":{"rendered":"<p><b>El secretario general de la C\u00e1mara de Diputados, Miguel Landeros, ha comentado sobre la investigaci\u00f3n que se realiza en contra del diputado Joaqu\u00edn Lav\u00edn Le\u00f3n (exUDI) por distintos delitos relacionados con la corrupci\u00f3n<\/b><!--more-->.<\/p>\n<p>En particular, se refiere a los cerca de $7 millones de pesos depositados por el legislador al Congreso, en medio de indagaciones por facturas falsas emitidas.<\/p>\n<p>&#8220;El diputado Lav\u00edn efectivamente hizo un dep\u00f3sito en la cuenta corriente de la C\u00e1mara de Diputados por $7 millones y algo -no recuerdo la cifra exacta- hace algunos meses atr\u00e1s, sin indicar a qu\u00e9 correspond\u00eda este monto&#8221;, se\u00f1al\u00f3 Landeros.<\/p>\n<p>Agreg\u00f3: &#8220;Hemos consultado mediante oficio a Lav\u00edn para poder establecer en nuestra contabilidad cu\u00e1les gastos debemos rebajar, pero hasta el momento no se nos ha especificado exactamente a qu\u00e9 esas sumas corresponden&#8221;. Landeros indic\u00f3 que est\u00e1n esperando la respuesta del diputado.<\/p>\n<p>A pesar de que no proporcion\u00f3 informaci\u00f3n sobre la naturaleza del dep\u00f3sito, descart\u00f3 -de momento- que esto pueda ser utilizado como una herramienta judicial. &#8220;Eso tendr\u00e1 que verlo la justicia en su momento&#8221;, sostuvo.<\/p>\n<p>Finalmente, el secretario advirti\u00f3 que podr\u00edan devolver esos fondos al diputado si no especifica el dep\u00f3sito &#8220;en un plazo razonable&#8221;, el cual determinar\u00e1n durante el mes de marzo.<\/p>\n","protected":false},"excerpt":{"rendered":"<p>El secretario general de la C\u00e1mara de Diputados, Miguel Landeros, ha comentado sobre la investigaci\u00f3n que se realiza en contra del diputado Joaqu\u00edn Lav\u00edn Le\u00f3n (exUDI) por distintos delitos relacionados con la corrupci\u00f3n<\/p>\n","protected":false},"author":2,"featured_media":12704,"comment_status":"closed","ping_status":"open","sticky":false,"template":"","format":"standard","meta":{"_jetpack_memberships_contains_paid_content":false,"jnews-multi-image_gallery":[],"jnews_single_post":[],"jnews_primary_category":[],"jnews_social_meta":[],"jnews_paywall_metabox":[],"jnews_review":[],"enable_review":"","type":"","name":"","summary":"","brand":"","sku":"","good":[],"bad":[],"score_override":"","override_value":"","rating":[],"price":[],"jnews_override_counter":[],"jnews_post_split":[],"footnotes":""},"categories":[83],"tags":[],"class_list":["post-12705","post","type-post","status-publish","format-standard","has-post-thumbnail","hentry","category-politica"],"jetpack_featured_media_url":"https:\/\/laserenaradio.cl\/web\/wp-content\/uploads\/2025\/03\/homepiaiextractoscrapimg_webpCamaraDiputados_0.webp","jetpack_sharing_enabled":true,"_links":{"self":[{"href":"https:\/\/laserenaradio.cl\/web\/wp-json\/wp\/v2\/posts\/12705","targetHints":{"allow":["GET"]}}],"collection":[{"href":"https:\/\/laserenaradio.cl\/web\/wp-json\/wp\/v2\/posts"}],"about":[{"href":"https:\/\/laserenaradio.cl\/web\/wp-json\/wp\/v2\/types\/post"}],"author":[{"embeddable":true,"href":"https:\/\/laserenaradio.cl\/web\/wp-json\/wp\/v2\/users\/2"}],"replies":[{"embeddable":true,"href":"https:\/\/laserenaradio.cl\/web\/wp-json\/wp\/v2\/comments?post=12705"}],"version-history":[{"count":1,"href":"https:\/\/laserenaradio.cl\/web\/wp-json\/wp\/v2\/posts\/12705\/revisions"}],"predecessor-version":[{"id":12706,"href":"https:\/\/laserenaradio.cl\/web\/wp-json\/wp\/v2\/posts\/12705\/revisions\/12706"}],"wp:featuredmedia":[{"embeddable":true,"href":"https:\/\/laserenaradio.cl\/web\/wp-json\/wp\/v2\/media\/12704"}],"wp:attachment":[{"href":"https:\/\/laserenaradio.cl\/web\/wp-json\/wp\/v2\/media?parent=12705"}],"wp:term":[{"taxonomy":"category","embeddable":true,"href":"https:\/\/laserenaradio.cl\/web\/wp-json\/wp\/v2\/categories?post=12705"},{"taxonomy":"post_tag","embeddable":true,"href":"https:\/\/laserenaradio.cl\/web\/wp-json\/wp\/v2\/tags?post=12705"}],"curies":[{"name":"wp","href":"https:\/\/api.w.org\/{rel}","templated":true}]}}