{"id":12679,"date":"2025-03-06T13:03:10","date_gmt":"2025-03-06T16:03:10","guid":{"rendered":"https:\/\/laserenaradio.cl\/web\/?p=12679"},"modified":"2025-03-06T13:03:10","modified_gmt":"2025-03-06T16:03:10","slug":"el-municipio-de-puerto-varas-busca-preservar-su-identidad-arquitectonica-y-patrimonial-al-retirar-30-paletas-publicitarias","status":"publish","type":"post","link":"https:\/\/laserenaradio.cl\/web\/2025\/03\/06\/el-municipio-de-puerto-varas-busca-preservar-su-identidad-arquitectonica-y-patrimonial-al-retirar-30-paletas-publicitarias\/","title":{"rendered":"El Municipio de Puerto Varas busca preservar su identidad arquitect\u00f3nica y patrimonial al retirar 30 paletas publicitarias"},"content":{"rendered":"<p><b>El Municipio de Puerto Varas retir\u00f3 30 paletas publicitarias desde noviembre de 2024, finalizando contratos de publicidad en v\u00eda p\u00fablica para proteger la identidad y espacios p\u00fablicos de la ciudad<\/b><!--more-->.<\/p>\n<p>El alcalde subrogante, Cristian L\u00f3pez, explic\u00f3 a B\u00edo B\u00edo que esta medida busca preservar la arquitect\u00f3nica, patrimonio y reducir la contaminaci\u00f3n visual. L\u00f3pez destac\u00f3 que la prioridad es la naturaleza y el turismo, ya que la contaminaci\u00f3n visual afecta la imagen de Puerto Varas.<\/p>\n<p>Aunque estas paletas representaban ingresos por publicidad para el municipio, se considera un avance positivo para fortalecer el desarrollo tur\u00edstico. La pr\u00f3xima medida ser\u00e1 despejar el cableado a\u00e9reo en favor de una est\u00e9tica urbana mejorada.<\/p>\n<p>Las paletas retiradas cubr\u00edan la visual a la iglesia emblem\u00e1tica y al volc\u00e1n de Osorno, lo que motiv\u00f3 este cambio.<\/p>\n<p>&#8220;Nos preocupamos m\u00e1s por la est\u00e9tica urbana y el desarrollo tur\u00edstico que por los ingresos temporales&#8221;, afirm\u00f3 L\u00f3pez. &#8220;Es un avance importante para nuestra ciudad&#8221;.<\/p>\n<p>En conclusi\u00f3n, esta medida es parte de una estrategia mayor para mejorar la imagen de Puerto Varas y fortalecer su desarrollo tur\u00edstico, aunque puede suponer una reducci\u00f3n temporal de ingresos por publicidad.<\/p>\n","protected":false},"excerpt":{"rendered":"<p>El Municipio de Puerto Varas retir\u00f3 30 paletas publicitarias desde noviembre de 2024, finalizando contratos de publicidad en v\u00eda p\u00fablica para proteger la identidad y espacios p\u00fablicos de la ciudad<\/p>\n","protected":false},"author":2,"featured_media":12678,"comment_status":"closed","ping_status":"open","sticky":false,"template":"","format":"standard","meta":{"_jetpack_memberships_contains_paid_content":false,"jnews-multi-image_gallery":[],"jnews_single_post":[],"jnews_primary_category":[],"jnews_social_meta":[],"jnews_paywall_metabox":[],"jnews_review":[],"enable_review":"","type":"","name":"","summary":"","brand":"","sku":"","good":[],"bad":[],"score_override":"","override_value":"","rating":[],"price":[],"jnews_override_counter":[],"jnews_post_split":[],"footnotes":""},"categories":[21],"tags":[],"class_list":["post-12679","post","type-post","status-publish","format-standard","has-post-thumbnail","hentry","category-nacional"],"jetpack_featured_media_url":"https:\/\/laserenaradio.cl\/web\/wp-content\/uploads\/2025\/03\/homepiaiextractoscrapimg_webpPuertoVaraspaletaspublicidadmedida_1.webp","jetpack_sharing_enabled":true,"_links":{"self":[{"href":"https:\/\/laserenaradio.cl\/web\/wp-json\/wp\/v2\/posts\/12679","targetHints":{"allow":["GET"]}}],"collection":[{"href":"https:\/\/laserenaradio.cl\/web\/wp-json\/wp\/v2\/posts"}],"about":[{"href":"https:\/\/laserenaradio.cl\/web\/wp-json\/wp\/v2\/types\/post"}],"author":[{"embeddable":true,"href":"https:\/\/laserenaradio.cl\/web\/wp-json\/wp\/v2\/users\/2"}],"replies":[{"embeddable":true,"href":"https:\/\/laserenaradio.cl\/web\/wp-json\/wp\/v2\/comments?post=12679"}],"version-history":[{"count":1,"href":"https:\/\/laserenaradio.cl\/web\/wp-json\/wp\/v2\/posts\/12679\/revisions"}],"predecessor-version":[{"id":12680,"href":"https:\/\/laserenaradio.cl\/web\/wp-json\/wp\/v2\/posts\/12679\/revisions\/12680"}],"wp:featuredmedia":[{"embeddable":true,"href":"https:\/\/laserenaradio.cl\/web\/wp-json\/wp\/v2\/media\/12678"}],"wp:attachment":[{"href":"https:\/\/laserenaradio.cl\/web\/wp-json\/wp\/v2\/media?parent=12679"}],"wp:term":[{"taxonomy":"category","embeddable":true,"href":"https:\/\/laserenaradio.cl\/web\/wp-json\/wp\/v2\/categories?post=12679"},{"taxonomy":"post_tag","embeddable":true,"href":"https:\/\/laserenaradio.cl\/web\/wp-json\/wp\/v2\/tags?post=12679"}],"curies":[{"name":"wp","href":"https:\/\/api.w.org\/{rel}","templated":true}]}}