{"id":12676,"date":"2025-03-06T12:59:59","date_gmt":"2025-03-06T15:59:59","guid":{"rendered":"https:\/\/laserenaradio.cl\/web\/?p=12676"},"modified":"2025-03-06T12:59:59","modified_gmt":"2025-03-06T15:59:59","slug":"dimite-jose-roa-como-coordinador-del-ministerio-del-interior-para-la-reforma-a-las-policias","status":"publish","type":"post","link":"https:\/\/laserenaradio.cl\/web\/2025\/03\/06\/dimite-jose-roa-como-coordinador-del-ministerio-del-interior-para-la-reforma-a-las-policias\/","title":{"rendered":"Dimite Jos\u00e9 Roa como coordinador del Ministerio del Interior para la reforma a las polic\u00edas"},"content":{"rendered":"<p><b>El coordinador del <a href=\"https:\/\/www.interior.gob.cl\/\">Ministerio del Interior<\/a> para la reforma a las polic\u00edas, Jos\u00e9 Roa, anunci\u00f3 su renuncia justo antes de la reuni\u00f3n mensual de la Unidad Consultiva, compuesta por expertos en seguridad<\/b><!--more-->.<\/p>\n<p>La decisi\u00f3n se produce en medio de un cambio en el gobierno, con el nombramiento de \u00c1lvaro Elizalde como nuevo ministro tras la salida de Carolina Toh\u00e1.<\/p>\n<p>Roa es cu\u00f1ado del actual jefe de Interior, circunstancia que habr\u00eda complicado su continuidad en el puesto.<\/p>\n<p>\u201cMe siento muy honrado de haber trabajado para el gobierno del Presidente Boric, pero debido a mis v\u00ednculos familiares, inmediatamente se anunci\u00f3 la llegada del ministro decid\u00ed dejar el cargo de coordinador de la reforma de las polic\u00edas\u201d, explic\u00f3 Roa. \u201cTengo la confianza de que el Ministerio continuar\u00e1 un excelente trabajo y que la Unidad Consultiva seguir\u00e1 su valiosa tarea, a pesar de mi renuncia\u201d, agreg\u00f3.<\/p>\n","protected":false},"excerpt":{"rendered":"<p>El coordinador del Ministerio del Interior para la reforma a las polic\u00edas, Jos\u00e9 Roa, anunci\u00f3 su renuncia justo antes de la reuni\u00f3n mensual de la Unidad Consultiva, compuesta por expertos en seguridad<\/p>\n","protected":false},"author":2,"featured_media":12675,"comment_status":"closed","ping_status":"open","sticky":false,"template":"","format":"standard","meta":{"_jetpack_memberships_contains_paid_content":false,"jnews-multi-image_gallery":[],"jnews_single_post":[],"jnews_primary_category":[],"jnews_social_meta":[],"jnews_paywall_metabox":[],"jnews_review":[],"enable_review":"","type":"","name":"","summary":"","brand":"","sku":"","good":[],"bad":[],"score_override":"","override_value":"","rating":[],"price":[],"jnews_override_counter":[],"jnews_post_split":[],"footnotes":""},"categories":[21],"tags":[],"class_list":["post-12676","post","type-post","status-publish","format-standard","has-post-thumbnail","hentry","category-nacional"],"jetpack_featured_media_url":"https:\/\/laserenaradio.cl\/web\/wp-content\/uploads\/2025\/03\/homepiaiextractoscrapimg_webpMinisterioInteriorcoordinadorreforma_0.webp","jetpack_sharing_enabled":true,"_links":{"self":[{"href":"https:\/\/laserenaradio.cl\/web\/wp-json\/wp\/v2\/posts\/12676","targetHints":{"allow":["GET"]}}],"collection":[{"href":"https:\/\/laserenaradio.cl\/web\/wp-json\/wp\/v2\/posts"}],"about":[{"href":"https:\/\/laserenaradio.cl\/web\/wp-json\/wp\/v2\/types\/post"}],"author":[{"embeddable":true,"href":"https:\/\/laserenaradio.cl\/web\/wp-json\/wp\/v2\/users\/2"}],"replies":[{"embeddable":true,"href":"https:\/\/laserenaradio.cl\/web\/wp-json\/wp\/v2\/comments?post=12676"}],"version-history":[{"count":1,"href":"https:\/\/laserenaradio.cl\/web\/wp-json\/wp\/v2\/posts\/12676\/revisions"}],"predecessor-version":[{"id":12677,"href":"https:\/\/laserenaradio.cl\/web\/wp-json\/wp\/v2\/posts\/12676\/revisions\/12677"}],"wp:featuredmedia":[{"embeddable":true,"href":"https:\/\/laserenaradio.cl\/web\/wp-json\/wp\/v2\/media\/12675"}],"wp:attachment":[{"href":"https:\/\/laserenaradio.cl\/web\/wp-json\/wp\/v2\/media?parent=12676"}],"wp:term":[{"taxonomy":"category","embeddable":true,"href":"https:\/\/laserenaradio.cl\/web\/wp-json\/wp\/v2\/categories?post=12676"},{"taxonomy":"post_tag","embeddable":true,"href":"https:\/\/laserenaradio.cl\/web\/wp-json\/wp\/v2\/tags?post=12676"}],"curies":[{"name":"wp","href":"https:\/\/api.w.org\/{rel}","templated":true}]}}