{"id":12673,"date":"2025-03-06T12:41:32","date_gmt":"2025-03-06T15:41:32","guid":{"rendered":"https:\/\/laserenaradio.cl\/web\/?p=12673"},"modified":"2025-03-06T12:41:32","modified_gmt":"2025-03-06T15:41:32","slug":"se-levanta-el-primer-parque-eolico-de-la-region-de-nuble-con-capacidad-para-abastecer-a-100-mil-hogares","status":"publish","type":"post","link":"https:\/\/laserenaradio.cl\/web\/2025\/03\/06\/se-levanta-el-primer-parque-eolico-de-la-region-de-nuble-con-capacidad-para-abastecer-a-100-mil-hogares\/","title":{"rendered":"Se levanta el primer parque e\u00f3lico de la regi\u00f3n de \u00d1uble con capacidad para abastecer a 100 mil hogares"},"content":{"rendered":"<p><b>A fines de febrero comenz\u00f3 la construcci\u00f3n del nuevo Parque E\u00f3rico Pemuco, un proyecto pionero en la regi\u00f3n de \u00d1uble y propiedad de Engie Chile<\/b><!--more-->.<\/p>\n<p>Ubicado a 47 km al sur de Chill\u00e1n, este parque energ\u00e9tico -dotado con una inversi\u00f3n de US$228 millones- incluir\u00e1 22 aerogeneradores de 7,5 MW de potencia nominal, equivalente a una capacidad instalada de 165 MW.<\/p>\n<p>Conectado a la Subestaci\u00f3n Entre R\u00edos, propiedad de Transelec, el parque e\u00f3lico Pemuco tendr\u00e1 la capacidad de abastecer a 100 mil hogares con energ\u00eda 100% renovable, contribuyendo a la reducci\u00f3n anual de 40 mil toneladas de emisiones de CO2.<\/p>\n<p>La ceremonia inaugural fue encabezada por el ministro de Energ\u00eda, Diego Pardow; autoridades regionales y locales, junto con un representante de Engie Chile.<\/p>\n<p>En la actividad, Pardow afirm\u00f3: \u201cEsperamos que este sea el primero de muchos proyectos que fortalezcan la generaci\u00f3n de energ\u00eda limpia en la regi\u00f3n y contribuyan a un sistema m\u00e1s sostenible y eficiente para el pa\u00eds\u201d.<\/p>\n<p>Por su parte, Juan Villavicencio, Managing Director GBU Renewables de Engie Chile, destac\u00f3: \u201cEste es el primer parque e\u00f3lico que construimos en la zona centro-sur del pa\u00eds y, al mismo tiempo, el primero que se levanta en la regi\u00f3n de \u00d1uble; por lo que es un tremendo paso en nuestro plan de transformaci\u00f3n as\u00ed como tambi\u00e9n para la transici\u00f3n energ\u00e9tica del pa\u00eds\u201d.<\/p>\n<p>Villavicencio a\u00f1adi\u00f3: \u201cEste proyecto permitir\u00e1 entregar energ\u00eda limpia y fortalecer la matriz energ\u00e9tica del Sistema El\u00e9ctrico Nacional. Ha priorizado un trabajo temprano con las comunidades locales, cimentado en la transparencia, la creaci\u00f3n de valor compartido y un desarrollo responsable con el entorno\u201d.<\/p>\n<p>Engie Chile cuenta actualmente con una capacidad instalada de 2.7 GW, de los cuales 1 GW corresponde a energ\u00eda renovable y almacenamiento. Adem\u00e1s del Parque E\u00f3rico Pemuco, la compa\u00f1\u00eda opera en otros sitios de energ\u00eda e\u00f3lica.<\/p>\n","protected":false},"excerpt":{"rendered":"<p>A fines de febrero comenz\u00f3 la construcci\u00f3n del nuevo Parque E\u00f3rico Pemuco, un proyecto pionero en la regi\u00f3n de \u00d1uble y propiedad de Engie Chile<\/p>\n","protected":false},"author":2,"featured_media":12672,"comment_status":"closed","ping_status":"open","sticky":false,"template":"","format":"standard","meta":{"_jetpack_memberships_contains_paid_content":false,"jnews-multi-image_gallery":[],"jnews_single_post":[],"jnews_primary_category":[],"jnews_social_meta":[],"jnews_paywall_metabox":[],"jnews_review":[],"enable_review":"","type":"","name":"","summary":"","brand":"","sku":"","good":[],"bad":[],"score_override":"","override_value":"","rating":[],"price":[],"jnews_override_counter":[],"jnews_post_split":[],"footnotes":""},"categories":[21],"tags":[],"class_list":["post-12673","post","type-post","status-publish","format-standard","has-post-thumbnail","hentry","category-nacional"],"jetpack_featured_media_url":"https:\/\/laserenaradio.cl\/web\/wp-content\/uploads\/2025\/03\/homepiaiextractoscrapimg_webpNubleEngieChile_0.webp","jetpack_sharing_enabled":true,"_links":{"self":[{"href":"https:\/\/laserenaradio.cl\/web\/wp-json\/wp\/v2\/posts\/12673","targetHints":{"allow":["GET"]}}],"collection":[{"href":"https:\/\/laserenaradio.cl\/web\/wp-json\/wp\/v2\/posts"}],"about":[{"href":"https:\/\/laserenaradio.cl\/web\/wp-json\/wp\/v2\/types\/post"}],"author":[{"embeddable":true,"href":"https:\/\/laserenaradio.cl\/web\/wp-json\/wp\/v2\/users\/2"}],"replies":[{"embeddable":true,"href":"https:\/\/laserenaradio.cl\/web\/wp-json\/wp\/v2\/comments?post=12673"}],"version-history":[{"count":1,"href":"https:\/\/laserenaradio.cl\/web\/wp-json\/wp\/v2\/posts\/12673\/revisions"}],"predecessor-version":[{"id":12674,"href":"https:\/\/laserenaradio.cl\/web\/wp-json\/wp\/v2\/posts\/12673\/revisions\/12674"}],"wp:featuredmedia":[{"embeddable":true,"href":"https:\/\/laserenaradio.cl\/web\/wp-json\/wp\/v2\/media\/12672"}],"wp:attachment":[{"href":"https:\/\/laserenaradio.cl\/web\/wp-json\/wp\/v2\/media?parent=12673"}],"wp:term":[{"taxonomy":"category","embeddable":true,"href":"https:\/\/laserenaradio.cl\/web\/wp-json\/wp\/v2\/categories?post=12673"},{"taxonomy":"post_tag","embeddable":true,"href":"https:\/\/laserenaradio.cl\/web\/wp-json\/wp\/v2\/tags?post=12673"}],"curies":[{"name":"wp","href":"https:\/\/api.w.org\/{rel}","templated":true}]}}