{"id":12670,"date":"2025-03-06T12:38:27","date_gmt":"2025-03-06T15:38:27","guid":{"rendered":"https:\/\/laserenaradio.cl\/web\/?p=12670"},"modified":"2025-03-06T12:38:27","modified_gmt":"2025-03-06T15:38:27","slug":"river-plate-se-queda-sin-titulo-tras-caer-por-penales-con-talleres-de-cordoba","status":"publish","type":"post","link":"https:\/\/laserenaradio.cl\/web\/2025\/03\/06\/river-plate-se-queda-sin-titulo-tras-caer-por-penales-con-talleres-de-cordoba\/","title":{"rendered":"River Plate se queda sin t\u00edtulo tras caer por penales con Talleres de C\u00f3rdoba"},"content":{"rendered":"<p><b>River Plate decepcion\u00f3 a sus seguidores al caer por penales tras empatar sin goles en los noventa minutos frente a Talleres de C\u00f3rdoba en la final de la Supercopa Internacional, disputada en Paraguay<\/b><!--more-->.<\/p>\n<p>Esta victoria para el equipo de C\u00f3rdoba representa un hito ya que fue la primera vez que esta competici\u00f3n se celebr\u00f3 fuera del territorio argentino.<\/p>\n<p>En cuanto a Gonzalo Tapia, su rendimiento con River Plate contin\u00faa siendo una fuente de preocupaci\u00f3n. El jugador, formado en la Universidad Cat\u00f3lica, ha jugado cinco partidos en 138 minutos sin marcar un solo gol. Este mal momento se vio reflejado en el entrenamiento previo a la final cuando Tapia fall\u00f3 un penal decisivo, enviando al equipo a una serie de penales.<\/p>\n<p>La falta de gol y el fallo del tiro desde los once metros generaron una respuesta negativa entre los hinchas argentinos, quienes esperan que Tapia pueda revertir esta situaci\u00f3n en las pr\u00f3ximas partidas.<\/p>\n<p>Por su parte, Paulo D\u00edaz, quien entr\u00f3 en lugar de Tapia en la final, no pudo contribuir a un rev\u00e9s que dej\u00f3 a River Plate sin el trofeo y con una serie de penales para definir el resultado.<\/p>\n","protected":false},"excerpt":{"rendered":"<p>River Plate decepcion\u00f3 a sus seguidores al caer por penales tras empatar sin goles en los noventa minutos frente a Talleres de C\u00f3rdoba en la final de la Supercopa Internacional, disputada en Paraguay<\/p>\n","protected":false},"author":2,"featured_media":12669,"comment_status":"closed","ping_status":"open","sticky":false,"template":"","format":"standard","meta":{"_jetpack_memberships_contains_paid_content":false,"jnews-multi-image_gallery":[],"jnews_single_post":[],"jnews_primary_category":[],"jnews_social_meta":[],"jnews_paywall_metabox":[],"jnews_review":[],"enable_review":"","type":"","name":"","summary":"","brand":"","sku":"","good":[],"bad":[],"score_override":"","override_value":"","rating":[],"price":[],"jnews_override_counter":[],"jnews_post_split":[],"footnotes":""},"categories":[84],"tags":[],"class_list":["post-12670","post","type-post","status-publish","format-standard","has-post-thumbnail","hentry","category-deportes"],"jetpack_featured_media_url":"https:\/\/laserenaradio.cl\/web\/wp-content\/uploads\/2025\/03\/homepiaiextractoscrapimg_webpRiverPlate_0.webp","jetpack_sharing_enabled":true,"_links":{"self":[{"href":"https:\/\/laserenaradio.cl\/web\/wp-json\/wp\/v2\/posts\/12670","targetHints":{"allow":["GET"]}}],"collection":[{"href":"https:\/\/laserenaradio.cl\/web\/wp-json\/wp\/v2\/posts"}],"about":[{"href":"https:\/\/laserenaradio.cl\/web\/wp-json\/wp\/v2\/types\/post"}],"author":[{"embeddable":true,"href":"https:\/\/laserenaradio.cl\/web\/wp-json\/wp\/v2\/users\/2"}],"replies":[{"embeddable":true,"href":"https:\/\/laserenaradio.cl\/web\/wp-json\/wp\/v2\/comments?post=12670"}],"version-history":[{"count":1,"href":"https:\/\/laserenaradio.cl\/web\/wp-json\/wp\/v2\/posts\/12670\/revisions"}],"predecessor-version":[{"id":12671,"href":"https:\/\/laserenaradio.cl\/web\/wp-json\/wp\/v2\/posts\/12670\/revisions\/12671"}],"wp:featuredmedia":[{"embeddable":true,"href":"https:\/\/laserenaradio.cl\/web\/wp-json\/wp\/v2\/media\/12669"}],"wp:attachment":[{"href":"https:\/\/laserenaradio.cl\/web\/wp-json\/wp\/v2\/media?parent=12670"}],"wp:term":[{"taxonomy":"category","embeddable":true,"href":"https:\/\/laserenaradio.cl\/web\/wp-json\/wp\/v2\/categories?post=12670"},{"taxonomy":"post_tag","embeddable":true,"href":"https:\/\/laserenaradio.cl\/web\/wp-json\/wp\/v2\/tags?post=12670"}],"curies":[{"name":"wp","href":"https:\/\/api.w.org\/{rel}","templated":true}]}}