{"id":12667,"date":"2025-03-06T12:35:28","date_gmt":"2025-03-06T15:35:28","guid":{"rendered":"https:\/\/laserenaradio.cl\/web\/?p=12667"},"modified":"2025-03-06T12:35:28","modified_gmt":"2025-03-06T15:35:28","slug":"marcela-sandoval-exministra-de-bienes-nacionales-habria-advertido-sobre-eventuales-ilegalidades-en-la-compra-de-la-casa-de-salvador-allende","status":"publish","type":"post","link":"https:\/\/laserenaradio.cl\/web\/2025\/03\/06\/marcela-sandoval-exministra-de-bienes-nacionales-habria-advertido-sobre-eventuales-ilegalidades-en-la-compra-de-la-casa-de-salvador-allende\/","title":{"rendered":"Marcela Sandoval, exministra de Bienes Nacionales, habr\u00eda advertido sobre eventuales ilegalidades en la compra de la casa de Salvador Allende"},"content":{"rendered":"<p><b>Marcela Sandoval, exministra de Bienes Nacionales, alert\u00f3 a La Moneda sobre posibles ilegalidades en la compra fallida de la casa de Salvador Allende, sin embargo, su advertencia no fue tomada en cuenta<\/b><!--more-->.<\/p>\n<p>Esto se conoci\u00f3 durante su declaraci\u00f3n ante el Ministerio P\u00fablico, en enero, dentro del marco de una investigaci\u00f3n por fraude al fisco que investiga Patricio Cooper.<\/p>\n<p>La Constituci\u00f3n proh\u00edbe a las autoridades celebrar contratos con el Estado, lo que justifica acciones legales contra la ministra Maya Fern\u00e1ndez y su t\u00eda, Isabel Allende.<\/p>\n<p>Sandoval asegur\u00f3 haber comunicado mediante llamada telef\u00f3nica a Leo Moreno, asesor presidencial, sobre los conflictos de inter\u00e9s potenciales. Sin embargo, su consejo no fue seguido. &#8220;Hice advertencias durante el proceso de compra, tanto de la jefatura de gabinete como por Macarena Diez (jefa jur\u00eddica de Bienes Nacionales), quien confeccion\u00f3 una minuta donde nos cont\u00f3 que exist\u00edan eventuales conflictos de inter\u00e9s&#8221;, expres\u00f3.<\/p>\n<p>En cuanto al ministro de Justicia, Jaime Gajardo, se desvincul\u00f3 del caso indicando que el Ministerio de Justicia no est\u00e1 involucrado y que la ministra vocera ya se hab\u00eda referido a los pormenores del proceso.<\/p>\n<p>La situaci\u00f3n se ha convertido en un esc\u00e1ndalo pol\u00edtico y legal debido a las implicaciones constitucionales.<\/p>\n","protected":false},"excerpt":{"rendered":"<p>Marcela Sandoval, exministra de Bienes Nacionales, alert\u00f3 a La Moneda sobre posibles ilegalidades en la compra fallida de la casa de Salvador Allende, sin embargo, su advertencia no fue tomada en cuenta<\/p>\n","protected":false},"author":2,"featured_media":12666,"comment_status":"closed","ping_status":"open","sticky":false,"template":"","format":"standard","meta":{"_jetpack_memberships_contains_paid_content":false,"jnews-multi-image_gallery":[],"jnews_single_post":[],"jnews_primary_category":[],"jnews_social_meta":[],"jnews_paywall_metabox":[],"jnews_review":[],"enable_review":"","type":"","name":"","summary":"","brand":"","sku":"","good":[],"bad":[],"score_override":"","override_value":"","rating":[],"price":[],"jnews_override_counter":[],"jnews_post_split":[],"footnotes":""},"categories":[83],"tags":[],"class_list":["post-12667","post","type-post","status-publish","format-standard","has-post-thumbnail","hentry","category-politica"],"jetpack_featured_media_url":"https:\/\/laserenaradio.cl\/web\/wp-content\/uploads\/2025\/03\/homepiaiextractoscrapimg_webpBienesNacionalescompraMarcelaSandovalexministra_1.webp","jetpack_sharing_enabled":true,"_links":{"self":[{"href":"https:\/\/laserenaradio.cl\/web\/wp-json\/wp\/v2\/posts\/12667","targetHints":{"allow":["GET"]}}],"collection":[{"href":"https:\/\/laserenaradio.cl\/web\/wp-json\/wp\/v2\/posts"}],"about":[{"href":"https:\/\/laserenaradio.cl\/web\/wp-json\/wp\/v2\/types\/post"}],"author":[{"embeddable":true,"href":"https:\/\/laserenaradio.cl\/web\/wp-json\/wp\/v2\/users\/2"}],"replies":[{"embeddable":true,"href":"https:\/\/laserenaradio.cl\/web\/wp-json\/wp\/v2\/comments?post=12667"}],"version-history":[{"count":1,"href":"https:\/\/laserenaradio.cl\/web\/wp-json\/wp\/v2\/posts\/12667\/revisions"}],"predecessor-version":[{"id":12668,"href":"https:\/\/laserenaradio.cl\/web\/wp-json\/wp\/v2\/posts\/12667\/revisions\/12668"}],"wp:featuredmedia":[{"embeddable":true,"href":"https:\/\/laserenaradio.cl\/web\/wp-json\/wp\/v2\/media\/12666"}],"wp:attachment":[{"href":"https:\/\/laserenaradio.cl\/web\/wp-json\/wp\/v2\/media?parent=12667"}],"wp:term":[{"taxonomy":"category","embeddable":true,"href":"https:\/\/laserenaradio.cl\/web\/wp-json\/wp\/v2\/categories?post=12667"},{"taxonomy":"post_tag","embeddable":true,"href":"https:\/\/laserenaradio.cl\/web\/wp-json\/wp\/v2\/tags?post=12667"}],"curies":[{"name":"wp","href":"https:\/\/api.w.org\/{rel}","templated":true}]}}