{"id":12661,"date":"2025-03-06T12:28:50","date_gmt":"2025-03-06T15:28:50","guid":{"rendered":"https:\/\/laserenaradio.cl\/web\/?p=12661"},"modified":"2025-03-06T12:28:50","modified_gmt":"2025-03-06T15:28:50","slug":"detenciones-arbitrarias-familia-de-jovenes-detenidos-por-error-acusa-a-carabineros","status":"publish","type":"post","link":"https:\/\/laserenaradio.cl\/web\/2025\/03\/06\/detenciones-arbitrarias-familia-de-jovenes-detenidos-por-error-acusa-a-carabineros\/","title":{"rendered":"Detenciones arbitrarias: Familia de j\u00f3venes detenidos por error acusa a Carabineros"},"content":{"rendered":"<p><b>En la ma\u00f1ana de este jueves, familiares de dos j\u00f3venes detenidos por error denunciaron a <a href=\"https:\/\/www.carabineros.cl\/\">Carabineros<\/a> de Chile por supuestos abusos y difamaci\u00f3n en redes sociales<\/b><!--more-->.<\/p>\n<p>Los acusados, de 21 y 23 a\u00f1os, fueron capturados por su presunta participaci\u00f3n en una encerrona que dej\u00f3 a un carabinero gravemente herido en \u00d1u\u00f1oa.<\/p>\n<p>Rodrigo, el padre del menor, afirm\u00f3 que los j\u00f3venes fueron detenidos de forma arbitraria y golpeados. Seg\u00fan \u00e9l, mientras com\u00edan en un local comercial, <a href=\"https:\/\/www.carabineros.cl\/\">Carabineros<\/a> los llevaron a la 18 Comisar\u00eda de \u00d1u\u00f1oa sin justificaci\u00f3n. All\u00ed, Rodrigo asegura que sus hijos fueron fotografiados para ser difundidos como sospechosos del incidente, una acci\u00f3n que \u00e9l considera injuriosa.<\/p>\n<p>&#8220;No han hecho un da\u00f1o enorme como familia y le hacen un da\u00f1o a la instituci\u00f3n&#8221;, destac\u00f3 Rodrigo en declaraciones a CHV.<\/p>\n<p>El padre pidi\u00f3 que <a href=\"https:\/\/www.carabineros.cl\/\">Carabineros<\/a> identifique al carabinero o carabinera que tom\u00f3 las fotograf\u00edas, sugiriendo una investigaci\u00f3n m\u00e1s profunda. Adem\u00e1s, otra familiar solicit\u00f3 que se retire el video en el que los j\u00f3venes aparecen corriendo, argumentando que fue un procedimiento err\u00f3neo.<\/p>\n<p>El incidente ocurri\u00f3 en el cruce de Ram\u00f3n Cruz con Eduardo Castillo Velasco, frente al Liceo Augusto D\u2019halmar.<\/p>\n<p>Este caso ha generado controversia sobre la responsabilidad y las pr\u00e1cticas de <a href=\"https:\/\/www.carabineros.cl\/\">Carabineros<\/a> de Chile durante la detenci\u00f3n de individuos sospechosos, subrayando la necesidad de transparencia e integridad en el manejo de informaci\u00f3n y procedimientos policiales.<\/p>\n","protected":false},"excerpt":{"rendered":"<p>En la ma\u00f1ana de este jueves, familiares de dos j\u00f3venes detenidos por error denunciaron a Carabineros de Chile por supuestos abusos y difamaci\u00f3n en redes sociales<\/p>\n","protected":false},"author":2,"featured_media":12660,"comment_status":"closed","ping_status":"open","sticky":false,"template":"","format":"standard","meta":{"_jetpack_memberships_contains_paid_content":false,"jnews-multi-image_gallery":[],"jnews_single_post":[],"jnews_primary_category":[],"jnews_social_meta":[],"jnews_paywall_metabox":[],"jnews_review":[],"enable_review":"","type":"","name":"","summary":"","brand":"","sku":"","good":[],"bad":[],"score_override":"","override_value":"","rating":[],"price":[],"jnews_override_counter":[],"jnews_post_split":[],"footnotes":""},"categories":[21],"tags":[],"class_list":["post-12661","post","type-post","status-publish","format-standard","has-post-thumbnail","hentry","category-nacional"],"jetpack_featured_media_url":"https:\/\/laserenaradio.cl\/web\/wp-content\/uploads\/2025\/03\/homepiaiextractoscrapimg_webpCarabineroscarabinerosdetenidosfueron_1.webp","jetpack_sharing_enabled":true,"_links":{"self":[{"href":"https:\/\/laserenaradio.cl\/web\/wp-json\/wp\/v2\/posts\/12661","targetHints":{"allow":["GET"]}}],"collection":[{"href":"https:\/\/laserenaradio.cl\/web\/wp-json\/wp\/v2\/posts"}],"about":[{"href":"https:\/\/laserenaradio.cl\/web\/wp-json\/wp\/v2\/types\/post"}],"author":[{"embeddable":true,"href":"https:\/\/laserenaradio.cl\/web\/wp-json\/wp\/v2\/users\/2"}],"replies":[{"embeddable":true,"href":"https:\/\/laserenaradio.cl\/web\/wp-json\/wp\/v2\/comments?post=12661"}],"version-history":[{"count":1,"href":"https:\/\/laserenaradio.cl\/web\/wp-json\/wp\/v2\/posts\/12661\/revisions"}],"predecessor-version":[{"id":12662,"href":"https:\/\/laserenaradio.cl\/web\/wp-json\/wp\/v2\/posts\/12661\/revisions\/12662"}],"wp:featuredmedia":[{"embeddable":true,"href":"https:\/\/laserenaradio.cl\/web\/wp-json\/wp\/v2\/media\/12660"}],"wp:attachment":[{"href":"https:\/\/laserenaradio.cl\/web\/wp-json\/wp\/v2\/media?parent=12661"}],"wp:term":[{"taxonomy":"category","embeddable":true,"href":"https:\/\/laserenaradio.cl\/web\/wp-json\/wp\/v2\/categories?post=12661"},{"taxonomy":"post_tag","embeddable":true,"href":"https:\/\/laserenaradio.cl\/web\/wp-json\/wp\/v2\/tags?post=12661"}],"curies":[{"name":"wp","href":"https:\/\/api.w.org\/{rel}","templated":true}]}}