{"id":12658,"date":"2025-03-06T11:32:57","date_gmt":"2025-03-06T14:32:57","guid":{"rendered":"https:\/\/laserenaradio.cl\/web\/?p=12658"},"modified":"2025-03-06T11:32:57","modified_gmt":"2025-03-06T14:32:57","slug":"jose-antonio-kast-carabineros-condenados-por-el-estallido-no-seran-perseguidos-si-soy-presidente","status":"publish","type":"post","link":"https:\/\/laserenaradio.cl\/web\/2025\/03\/06\/jose-antonio-kast-carabineros-condenados-por-el-estallido-no-seran-perseguidos-si-soy-presidente\/","title":{"rendered":"Jos\u00e9 Antonio Kast: &#8220;Carabineros condenados por el estallido no ser\u00e1n perseguidos si soy Presidente&#8221;"},"content":{"rendered":"<p><b>El candidato presidencial del Partido Republicano, Jos\u00e9 Antonio Kast, se refiri\u00f3 recientemente al escenario pol\u00edtico en conversaci\u00f3n con Radio Infinita<\/b><!--more-->.<\/p>\n<p>En el di\u00e1logo, Kast coment\u00f3 sobre la reciente candidatura de Carolina Toh\u00e1, exministra del Interior, calific\u00e1ndola como la &#8220;continuidad&#8221; del gobierno actual y se\u00f1alando que su estrategia electoral se basar\u00e1 en temas constitucionales fallidos. Asegur\u00f3 que Toh\u00e1 ser\u00e1 \u201cla persona m\u00e1s cercana al presidente Gabriel Boric\u201d en las elecciones a celebrarse a fin de a\u00f1o.<\/p>\n<p>Kast tambi\u00e9n solicit\u00f3 \u201cpasar la p\u00e1gina\u201d respecto del debate generado por las primarias en la oposici\u00f3n, destacando que el \u00fanico aspecto relevante es que el candidato que llegue a la segunda vuelta reciba el apoyo de los otros.<\/p>\n<p>El candidato enfatiz\u00f3 que, independientemente del n\u00famero de candidatos, \u201clos de derecha\u201d competir\u00e1n leg\u00edtimamente en esta etapa electoral. Asimismo, Kast indic\u00f3 que la exministra Evelyn Matthei deber\u00eda estar m\u00e1s nerviosa si llegan a una primaria.<\/p>\n<p>Sin embargo, para el Partido Republicano, presentarse con sus propuestas es fundamental. El candidato afirm\u00f3 que su postura ante la ciudadan\u00eda ser\u00eda clara y resalt\u00f3 la necesidad de indultar a todos los <a href=\"https:\/\/www.carabineros.cl\/\">Carabineros<\/a> en caso de ser Presidente.<\/p>\n<p>Estas declaraciones se suman a las estrategias program\u00e1ticas propuestas por Kast, enfatizando su compromiso con la seguridad y el orden p\u00fablico.<\/p>\n","protected":false},"excerpt":{"rendered":"<p>El candidato presidencial del Partido Republicano, Jos\u00e9 Antonio Kast, se refiri\u00f3 recientemente al escenario pol\u00edtico en conversaci\u00f3n con Radio Infinita<\/p>\n","protected":false},"author":2,"featured_media":12657,"comment_status":"closed","ping_status":"open","sticky":false,"template":"","format":"standard","meta":{"_jetpack_memberships_contains_paid_content":false,"jnews-multi-image_gallery":[],"jnews_single_post":[],"jnews_primary_category":[],"jnews_social_meta":[],"jnews_paywall_metabox":[],"jnews_review":[],"enable_review":"","type":"","name":"","summary":"","brand":"","sku":"","good":[],"bad":[],"score_override":"","override_value":"","rating":[],"price":[],"jnews_override_counter":[],"jnews_post_split":[],"footnotes":""},"categories":[83],"tags":[],"class_list":["post-12658","post","type-post","status-publish","format-standard","has-post-thumbnail","hentry","category-politica"],"jetpack_featured_media_url":"https:\/\/laserenaradio.cl\/web\/wp-content\/uploads\/2025\/03\/homepiaiextractoscrapimg_webpcandidatoKastPartidoRepublicanoAntonioKast_0.webp","jetpack_sharing_enabled":true,"_links":{"self":[{"href":"https:\/\/laserenaradio.cl\/web\/wp-json\/wp\/v2\/posts\/12658","targetHints":{"allow":["GET"]}}],"collection":[{"href":"https:\/\/laserenaradio.cl\/web\/wp-json\/wp\/v2\/posts"}],"about":[{"href":"https:\/\/laserenaradio.cl\/web\/wp-json\/wp\/v2\/types\/post"}],"author":[{"embeddable":true,"href":"https:\/\/laserenaradio.cl\/web\/wp-json\/wp\/v2\/users\/2"}],"replies":[{"embeddable":true,"href":"https:\/\/laserenaradio.cl\/web\/wp-json\/wp\/v2\/comments?post=12658"}],"version-history":[{"count":1,"href":"https:\/\/laserenaradio.cl\/web\/wp-json\/wp\/v2\/posts\/12658\/revisions"}],"predecessor-version":[{"id":12659,"href":"https:\/\/laserenaradio.cl\/web\/wp-json\/wp\/v2\/posts\/12658\/revisions\/12659"}],"wp:featuredmedia":[{"embeddable":true,"href":"https:\/\/laserenaradio.cl\/web\/wp-json\/wp\/v2\/media\/12657"}],"wp:attachment":[{"href":"https:\/\/laserenaradio.cl\/web\/wp-json\/wp\/v2\/media?parent=12658"}],"wp:term":[{"taxonomy":"category","embeddable":true,"href":"https:\/\/laserenaradio.cl\/web\/wp-json\/wp\/v2\/categories?post=12658"},{"taxonomy":"post_tag","embeddable":true,"href":"https:\/\/laserenaradio.cl\/web\/wp-json\/wp\/v2\/tags?post=12658"}],"curies":[{"name":"wp","href":"https:\/\/api.w.org\/{rel}","templated":true}]}}