{"id":12652,"date":"2025-03-06T11:27:34","date_gmt":"2025-03-06T14:27:34","guid":{"rendered":"https:\/\/laserenaradio.cl\/web\/?p=12652"},"modified":"2025-03-06T11:27:34","modified_gmt":"2025-03-06T14:27:34","slug":"la-controvertida-estrategia-de-la-familia-allende-para-mantener-el-control-de-la-casa-del-expresidente-despues-de-su-venta-al-fisco","status":"publish","type":"post","link":"https:\/\/laserenaradio.cl\/web\/2025\/03\/06\/la-controvertida-estrategia-de-la-familia-allende-para-mantener-el-control-de-la-casa-del-expresidente-despues-de-su-venta-al-fisco\/","title":{"rendered":"La controvertida estrategia de la familia Allende para mantener el control de la casa del expresidente despu\u00e9s de su venta al Fisco"},"content":{"rendered":"<p><b>El abogado Jos\u00e9 Cort\u00e9s Vergara, del Servicio Nacional del Patrimonio Cultural (Serpat), revel\u00f3 en una declaraci\u00f3n ante la <a href=\"https:\/\/www.fiscaliadechile.cl\/\">Fiscal\u00eda<\/a> el pasado 21 de enero que la familia Allende intentaba mantener su control sobre la casa presidencial de Salvador Allende<\/b><!--more-->.<\/p>\n<p>Esto se produce tras un fallido negocio donde el Fisco adquiri\u00f3 la propiedad por $993 millones.<\/p>\n<p>El caso ha provocado m\u00faltiples acciones legales, incluyendo una posible Acusaci\u00f3n Constitucional en contra de la ministra Maya Fern\u00e1ndez.<\/p>\n<p>Seg\u00fan publica Ciper, Felipe Vio, representante legal de la familia y yerno de Isabel Allende, junto con el arquitecto Genaro Cuadros, presentaron un proyecto para convertir la casa en un museo. El plan consist\u00eda en que la Fundaci\u00f3n Salvador Allende, donde Isabel Allende es miembro honorario, recibiera la propiedad en comodato del Fisco.<\/p>\n<p>Cort\u00e9s Vergara explic\u00f3: &#8220;Se propone la adquisici\u00f3n por parte del Fisco de Chile para ser destinada a una casa museo que conserve la memoria del expresidente Allende, proponiendo un modelo de gesti\u00f3n que involucre directamente a la Fundaci\u00f3n Salvador Allende (FSA)&#8221;. Esta estrategia, seg\u00fan Ciper, es in\u00e9dita ya que nunca antes ha ocurrido que el Fisco entregue un inmueble en comodato. Adem\u00e1s, los fondos para la compra provienen del presupuesto de Serpat, aunque el negocio lo realiza el <a href=\"http:\/\/www.bienesnacionales.cl\/\">Ministerio de Bienes Nacionales<\/a>.<\/p>\n<p>Ambas partes, incluyendo el Servicio de Patrimonio y las Culturas, Isabel Allende, Maya Fern\u00e1ndez y la Fundaci\u00f3n Salvador Allende, se han negado a emitir declaraciones por respeto al proceso judicial en curso.<\/p>\n","protected":false},"excerpt":{"rendered":"<p>El abogado Jos\u00e9 Cort\u00e9s Vergara, del Servicio Nacional del Patrimonio Cultural (Serpat), revel\u00f3 en una declaraci\u00f3n ante la Fiscal\u00eda el pasado 21 de enero que la familia Allende intentaba mantener su control sobre la casa presidencial de Salvador Allende<\/p>\n","protected":false},"author":2,"featured_media":12651,"comment_status":"closed","ping_status":"open","sticky":false,"template":"","format":"standard","meta":{"_jetpack_memberships_contains_paid_content":false,"jnews-multi-image_gallery":[],"jnews_single_post":[],"jnews_primary_category":[],"jnews_social_meta":[],"jnews_paywall_metabox":[],"jnews_review":[],"enable_review":"","type":"","name":"","summary":"","brand":"","sku":"","good":[],"bad":[],"score_override":"","override_value":"","rating":[],"price":[],"jnews_override_counter":[],"jnews_post_split":[],"footnotes":""},"categories":[21],"tags":[],"class_list":["post-12652","post","type-post","status-publish","format-standard","has-post-thumbnail","hentry","category-nacional"],"jetpack_featured_media_url":"https:\/\/laserenaradio.cl\/web\/wp-content\/uploads\/2025\/03\/homepiaiextractoscrapimg_predeterminadalaserenaradio_nacional-6.webp","jetpack_sharing_enabled":true,"_links":{"self":[{"href":"https:\/\/laserenaradio.cl\/web\/wp-json\/wp\/v2\/posts\/12652","targetHints":{"allow":["GET"]}}],"collection":[{"href":"https:\/\/laserenaradio.cl\/web\/wp-json\/wp\/v2\/posts"}],"about":[{"href":"https:\/\/laserenaradio.cl\/web\/wp-json\/wp\/v2\/types\/post"}],"author":[{"embeddable":true,"href":"https:\/\/laserenaradio.cl\/web\/wp-json\/wp\/v2\/users\/2"}],"replies":[{"embeddable":true,"href":"https:\/\/laserenaradio.cl\/web\/wp-json\/wp\/v2\/comments?post=12652"}],"version-history":[{"count":1,"href":"https:\/\/laserenaradio.cl\/web\/wp-json\/wp\/v2\/posts\/12652\/revisions"}],"predecessor-version":[{"id":12653,"href":"https:\/\/laserenaradio.cl\/web\/wp-json\/wp\/v2\/posts\/12652\/revisions\/12653"}],"wp:featuredmedia":[{"embeddable":true,"href":"https:\/\/laserenaradio.cl\/web\/wp-json\/wp\/v2\/media\/12651"}],"wp:attachment":[{"href":"https:\/\/laserenaradio.cl\/web\/wp-json\/wp\/v2\/media?parent=12652"}],"wp:term":[{"taxonomy":"category","embeddable":true,"href":"https:\/\/laserenaradio.cl\/web\/wp-json\/wp\/v2\/categories?post=12652"},{"taxonomy":"post_tag","embeddable":true,"href":"https:\/\/laserenaradio.cl\/web\/wp-json\/wp\/v2\/tags?post=12652"}],"curies":[{"name":"wp","href":"https:\/\/api.w.org\/{rel}","templated":true}]}}