{"id":12649,"date":"2025-03-06T11:24:22","date_gmt":"2025-03-06T14:24:22","guid":{"rendered":"https:\/\/laserenaradio.cl\/web\/?p=12649"},"modified":"2025-03-06T11:24:22","modified_gmt":"2025-03-06T14:24:22","slug":"marcel-defiende-politicas-fiscales-ante-comision-de-hacienda-del-senado","status":"publish","type":"post","link":"https:\/\/laserenaradio.cl\/web\/2025\/03\/06\/marcel-defiende-politicas-fiscales-ante-comision-de-hacienda-del-senado\/","title":{"rendered":"Marcel defiende pol\u00edticas fiscales ante Comisi\u00f3n de Hacienda del Senado"},"content":{"rendered":"<p><b>Para explicar el incumplimiento de la meta fiscal del a\u00f1o 2024 y el Informe de Finanzas P\u00fablicas de febrero, el ministro de Hacienda, Mario Marcel, asisti\u00f3 este mi\u00e9rcoles a la Comisi\u00f3n de Hacienda del Senado<\/b><!--more-->.<\/p>\n<p>Seg\u00fan cifras del Consejo Fiscal Aut\u00f3nomo (CFA), el d\u00e9ficit de 2024 alcanz\u00f3 un 3,2% del PIB, superando en 1,3 puntos porcentuales la meta de 1,9% establecida en el decreto de pol\u00edtica fiscal.<\/p>\n<p>El ministro Marcel defendi\u00f3 la gesti\u00f3n fiscal y sostuvo que las proyecciones y pol\u00edticas fiscales fueron razonables. Marcel explic\u00f3 que las desviaciones se debieron principalmente a factores externos y vol\u00e1tiles, como el precio del litio y las variaciones en la recaudaci\u00f3n tributaria.<\/p>\n<p>&#8220;No argumentamos que la diferencia en el balance estructural sea producto de una emergencia,&#8221; sostuvo el ministro. &#8220;En dos componentes de ingresos importantes hubo una diferencia muy grande no compensada. Presupuestamos algo que era un 40% m\u00e1s bajo, y los ingresos del litio fueron solo la mitad de esa parte que se pod\u00eda gastar.&#8221;<\/p>\n<p>Por su parte, el CFA recomend\u00f3 ajustes al gasto p\u00fablico este a\u00f1o por US$1.554 millones, sin afectar la inversi\u00f3n de capital para no frenar el crecimiento.<\/p>\n<p>Jorge Rodr\u00edguez, presidente del organismo, sostuvo que este desv\u00edo es &#8220;extraordinario&#8221; para un a\u00f1o sin crisis y representa un desaf\u00edo para la sostenibilidad fiscal del pa\u00eds. Seg\u00fan explic\u00f3 Rodr\u00edguez, &#8220;el balance estructural alcanz\u00f3 un d\u00e9ficit del 3,2% del PIB, desvi\u00e1ndose 1,3 puntos del PIB de la meta del 1,9 que est\u00e1 en el decreto de pol\u00edtica fiscal.&#8221;<\/p>\n<p>El CFA considera que esto es un desv\u00edo extraordinario para un a\u00f1o sin crisis, ya que supera los promedios hist\u00f3ricos de desviaciones (2001-2023) en a\u00f1os sin crisis ni eventos extraordinarios.<\/p>\n<p>En abril, el ministerio de Hacienda debe presentar un plan correctivo en el pr\u00f3ximo Informe de Finanzas P\u00fablicas, sobre el cual el CFA deber\u00e1 pronunciarse en 30 d\u00edas. Los senadores miembros de la comisi\u00f3n de Hacienda, Juan Antonio Coloma (UDI) y Ricardo Lagos Weber (PPD), se mostraron esc\u00e9pticos a c\u00f3mo se realizar\u00e1 el reajuste.<\/p>\n<p>En su recomendaci\u00f3n de recorte fiscal, el Consejo Fiscal Aut\u00f3nomo tambi\u00e9n propuso mejorar la eficiencia del gasto, optimizar las proyecciones de ingresos y fortalecer la transparencia fiscal.<\/p>\n","protected":false},"excerpt":{"rendered":"<p>Para explicar el incumplimiento de la meta fiscal del a\u00f1o 2024 y el Informe de Finanzas P\u00fablicas de febrero, el ministro de Hacienda, Mario Marcel, asisti\u00f3 este mi\u00e9rcoles a la Comisi\u00f3n de Hacienda del Senado<\/p>\n","protected":false},"author":2,"featured_media":12648,"comment_status":"closed","ping_status":"open","sticky":false,"template":"","format":"standard","meta":{"_jetpack_memberships_contains_paid_content":false,"jnews-multi-image_gallery":[],"jnews_single_post":[],"jnews_primary_category":[],"jnews_social_meta":[],"jnews_paywall_metabox":[],"jnews_review":[],"enable_review":"","type":"","name":"","summary":"","brand":"","sku":"","good":[],"bad":[],"score_override":"","override_value":"","rating":[],"price":[],"jnews_override_counter":[],"jnews_post_split":[],"footnotes":""},"categories":[83],"tags":[],"class_list":["post-12649","post","type-post","status-publish","format-standard","has-post-thumbnail","hentry","category-politica"],"jetpack_featured_media_url":"https:\/\/laserenaradio.cl\/web\/wp-content\/uploads\/2025\/03\/homepiaiextractoscrapimg_webpChileMarcel_1.webp","jetpack_sharing_enabled":true,"_links":{"self":[{"href":"https:\/\/laserenaradio.cl\/web\/wp-json\/wp\/v2\/posts\/12649","targetHints":{"allow":["GET"]}}],"collection":[{"href":"https:\/\/laserenaradio.cl\/web\/wp-json\/wp\/v2\/posts"}],"about":[{"href":"https:\/\/laserenaradio.cl\/web\/wp-json\/wp\/v2\/types\/post"}],"author":[{"embeddable":true,"href":"https:\/\/laserenaradio.cl\/web\/wp-json\/wp\/v2\/users\/2"}],"replies":[{"embeddable":true,"href":"https:\/\/laserenaradio.cl\/web\/wp-json\/wp\/v2\/comments?post=12649"}],"version-history":[{"count":1,"href":"https:\/\/laserenaradio.cl\/web\/wp-json\/wp\/v2\/posts\/12649\/revisions"}],"predecessor-version":[{"id":12650,"href":"https:\/\/laserenaradio.cl\/web\/wp-json\/wp\/v2\/posts\/12649\/revisions\/12650"}],"wp:featuredmedia":[{"embeddable":true,"href":"https:\/\/laserenaradio.cl\/web\/wp-json\/wp\/v2\/media\/12648"}],"wp:attachment":[{"href":"https:\/\/laserenaradio.cl\/web\/wp-json\/wp\/v2\/media?parent=12649"}],"wp:term":[{"taxonomy":"category","embeddable":true,"href":"https:\/\/laserenaradio.cl\/web\/wp-json\/wp\/v2\/categories?post=12649"},{"taxonomy":"post_tag","embeddable":true,"href":"https:\/\/laserenaradio.cl\/web\/wp-json\/wp\/v2\/tags?post=12649"}],"curies":[{"name":"wp","href":"https:\/\/api.w.org\/{rel}","templated":true}]}}