{"id":12646,"date":"2025-03-06T11:19:56","date_gmt":"2025-03-06T14:19:56","guid":{"rendered":"https:\/\/laserenaradio.cl\/web\/?p=12646"},"modified":"2025-03-06T11:19:56","modified_gmt":"2025-03-06T14:19:56","slug":"comunistas-llaman-a-levantar-candidatura-presidencial-a-daniel-jadue","status":"publish","type":"post","link":"https:\/\/laserenaradio.cl\/web\/2025\/03\/06\/comunistas-llaman-a-levantar-candidatura-presidencial-a-daniel-jadue\/","title":{"rendered":"Comunistas llaman a levantar candidatura presidencial a Daniel Jadue"},"content":{"rendered":"<p><b>Este jueves se revel\u00f3 una importante carta firmada por diversos militantes del Partido Comunista, entre ellos Miguel Lawner (Premio Nacional de Arquitectura) y Hugo Fazio (economista), llamando a levantar una candidatura presidencial para el exalcalde de Recoleta, Daniel Jadue<\/b><!--more-->.<\/p>\n<p>Este \u00faltimo se encuentra cumpliendo arresto domiciliario en relaci\u00f3n con el caso Farmacias Populares.<\/p>\n<p>El documento, titulado &#8220;A vivir la vida que merecemos&#8221;, busca presentar a Jadue como opci\u00f3n presidencial del partido. Sin embargo, Carmen Hertz, diputada y una de las firmantes originalmente mencionadas, neg\u00f3 haber firmado cualquier carta de adhesi\u00f3n, afirmando que su postura depender\u00e1 de la decisi\u00f3n colectiva del partido.<\/p>\n<p>El texto tambi\u00e9n destaca ideas como enfrentar la seguridad con un enfoque multifocal y no solo efectista, as\u00ed como fortalecer una matriz productiva que supere el extractivismo. Los firmantes subrayan la necesidad de liderazgo pol\u00edtico capaz de abordar estos desaf\u00edos.<\/p>\n<p>&#8220;En ese an\u00e1lisis, surge rotunda la figura de Daniel Jadue,&#8221; afirma la carta, destacando su trayectoria en gobierno local y capacidad para dise\u00f1ar soluciones concretas e implementables.<\/p>\n","protected":false},"excerpt":{"rendered":"<p>Este jueves se revel\u00f3 una importante carta firmada por diversos militantes del Partido Comunista, entre ellos Miguel Lawner (Premio Nacional de Arquitectura) y Hugo Fazio (economista), llamando a levantar una candidatura presidencial para el exalcalde de Recoleta, Daniel Jadue<\/p>\n","protected":false},"author":2,"featured_media":12645,"comment_status":"closed","ping_status":"open","sticky":false,"template":"","format":"standard","meta":{"_jetpack_memberships_contains_paid_content":false,"jnews-multi-image_gallery":[],"jnews_single_post":[],"jnews_primary_category":[],"jnews_social_meta":[],"jnews_paywall_metabox":[],"jnews_review":[],"enable_review":"","type":"","name":"","summary":"","brand":"","sku":"","good":[],"bad":[],"score_override":"","override_value":"","rating":[],"price":[],"jnews_override_counter":[],"jnews_post_split":[],"footnotes":""},"categories":[83],"tags":[],"class_list":["post-12646","post","type-post","status-publish","format-standard","has-post-thumbnail","hentry","category-politica"],"jetpack_featured_media_url":"https:\/\/laserenaradio.cl\/web\/wp-content\/uploads\/2025\/03\/homepiaiextractoscrapimg_webpcartapresidencialDanielJaduelevantar_1.webp","jetpack_sharing_enabled":true,"_links":{"self":[{"href":"https:\/\/laserenaradio.cl\/web\/wp-json\/wp\/v2\/posts\/12646","targetHints":{"allow":["GET"]}}],"collection":[{"href":"https:\/\/laserenaradio.cl\/web\/wp-json\/wp\/v2\/posts"}],"about":[{"href":"https:\/\/laserenaradio.cl\/web\/wp-json\/wp\/v2\/types\/post"}],"author":[{"embeddable":true,"href":"https:\/\/laserenaradio.cl\/web\/wp-json\/wp\/v2\/users\/2"}],"replies":[{"embeddable":true,"href":"https:\/\/laserenaradio.cl\/web\/wp-json\/wp\/v2\/comments?post=12646"}],"version-history":[{"count":1,"href":"https:\/\/laserenaradio.cl\/web\/wp-json\/wp\/v2\/posts\/12646\/revisions"}],"predecessor-version":[{"id":12647,"href":"https:\/\/laserenaradio.cl\/web\/wp-json\/wp\/v2\/posts\/12646\/revisions\/12647"}],"wp:featuredmedia":[{"embeddable":true,"href":"https:\/\/laserenaradio.cl\/web\/wp-json\/wp\/v2\/media\/12645"}],"wp:attachment":[{"href":"https:\/\/laserenaradio.cl\/web\/wp-json\/wp\/v2\/media?parent=12646"}],"wp:term":[{"taxonomy":"category","embeddable":true,"href":"https:\/\/laserenaradio.cl\/web\/wp-json\/wp\/v2\/categories?post=12646"},{"taxonomy":"post_tag","embeddable":true,"href":"https:\/\/laserenaradio.cl\/web\/wp-json\/wp\/v2\/tags?post=12646"}],"curies":[{"name":"wp","href":"https:\/\/api.w.org\/{rel}","templated":true}]}}