{"id":12643,"date":"2025-03-06T09:39:39","date_gmt":"2025-03-06T12:39:39","guid":{"rendered":"https:\/\/laserenaradio.cl\/web\/?p=12643"},"modified":"2025-03-06T09:39:39","modified_gmt":"2025-03-06T12:39:39","slug":"el-complejo-industrial-inna-en-antofagasta-genera-inquietud-entre-expertos-por-su-impacto-en-la-astronomia-y-el-ecosistema","status":"publish","type":"post","link":"https:\/\/laserenaradio.cl\/web\/2025\/03\/06\/el-complejo-industrial-inna-en-antofagasta-genera-inquietud-entre-expertos-por-su-impacto-en-la-astronomia-y-el-ecosistema\/","title":{"rendered":"El complejo industrial INNA en Antofagasta genera inquietud entre expertos por su impacto en la astronom\u00eda y el ecosistema"},"content":{"rendered":"<p><b>El proyecto INNA, un complejo industrial de hidr\u00f3geno verde en Antofagasta, ha generado preocupaciones entre expertos y activistas debido a sus impactos ambientales y astron\u00f3micos<\/b><!--more-->.<\/p>\n<p>Impulsado por AES Andes, este gran complejo industrial en Taltal, destinado a la producci\u00f3n de hidr\u00f3geno y amon\u00edaco verde con una inversi\u00f3n estimada de hasta 10 mil millones de d\u00f3lares, est\u00e1 actualmente en evaluaci\u00f3n ambiental y participativa hasta abril. Sin embargo, el emplazamiento del proyecto ha despertado inquietud, especialmente en la comunidad astron\u00f3mica.<\/p>\n<p>Teresa Paneque, astr\u00f3noma y divulgadora cient\u00edfica, ha alertado sobre las posibles consecuencias para el Observatorio Paranal, uno de los puntos m\u00e1s importantes para la astronom\u00eda global. Se teme que un aumento en la contaminaci\u00f3n lum\u00ednica pueda comprometer las investigaciones cient\u00edficas en la zona.<\/p>\n<p>El astrof\u00edsico alem\u00e1n y Premio Nobel Reinhard Genzel propuso durante su visita a la Universidad de Chile abrir un di\u00e1logo con AES Andes para considerar la posibilidad de trasladar el proyecto a otra ubicaci\u00f3n dentro del desierto, a fin de mitigar sus impactos.<\/p>\n<p>Gonzalo Lemus, activista ambiental de Taltal, ha acusado que la directora ejecutiva del <a href=\"http:\/\/sea.gob.cl\/\">Servicio de Evaluaci\u00f3n Ambiental<\/a>, Valentina Dur\u00e1n, evit\u00f3 sugerir el cierre anticipado del proyecto por temor a afectar su posici\u00f3n laboral.<\/p>\n<p>La resoluci\u00f3n final del <a href=\"http:\/\/sea.gob.cl\/\">Servicio de Evaluaci\u00f3n Ambiental<\/a>, prevista para el 19 de junio, ser\u00e1 un punto crucial para determinar si el proyecto contin\u00faa o se modifica.<\/p>\n<p>El destino del proyecto INNA sigue en suspenso mientras la empresa y la comunidad cient\u00edfica buscan encontrar un consenso que mitigue sus posibles impactos ambientales y astron\u00f3micos.<\/p>\n","protected":false},"excerpt":{"rendered":"<p>El proyecto INNA, un complejo industrial de hidr\u00f3geno verde en Antofagasta, ha generado preocupaciones entre expertos y activistas debido a sus impactos ambientales y astron\u00f3micos<\/p>\n","protected":false},"author":2,"featured_media":12642,"comment_status":"closed","ping_status":"open","sticky":false,"template":"","format":"standard","meta":{"_jetpack_memberships_contains_paid_content":false,"jnews-multi-image_gallery":[],"jnews_single_post":[],"jnews_primary_category":[],"jnews_social_meta":[],"jnews_paywall_metabox":[],"jnews_review":[],"enable_review":"","type":"","name":"","summary":"","brand":"","sku":"","good":[],"bad":[],"score_override":"","override_value":"","rating":[],"price":[],"jnews_override_counter":[],"jnews_post_split":[],"footnotes":""},"categories":[21],"tags":[],"class_list":["post-12643","post","type-post","status-publish","format-standard","has-post-thumbnail","hentry","category-nacional"],"jetpack_featured_media_url":"https:\/\/laserenaradio.cl\/web\/wp-content\/uploads\/2025\/03\/homepiaiextractoscrapimg_predeterminadalaserenaradio_nacional-5.webp","jetpack_sharing_enabled":true,"_links":{"self":[{"href":"https:\/\/laserenaradio.cl\/web\/wp-json\/wp\/v2\/posts\/12643","targetHints":{"allow":["GET"]}}],"collection":[{"href":"https:\/\/laserenaradio.cl\/web\/wp-json\/wp\/v2\/posts"}],"about":[{"href":"https:\/\/laserenaradio.cl\/web\/wp-json\/wp\/v2\/types\/post"}],"author":[{"embeddable":true,"href":"https:\/\/laserenaradio.cl\/web\/wp-json\/wp\/v2\/users\/2"}],"replies":[{"embeddable":true,"href":"https:\/\/laserenaradio.cl\/web\/wp-json\/wp\/v2\/comments?post=12643"}],"version-history":[{"count":1,"href":"https:\/\/laserenaradio.cl\/web\/wp-json\/wp\/v2\/posts\/12643\/revisions"}],"predecessor-version":[{"id":12644,"href":"https:\/\/laserenaradio.cl\/web\/wp-json\/wp\/v2\/posts\/12643\/revisions\/12644"}],"wp:featuredmedia":[{"embeddable":true,"href":"https:\/\/laserenaradio.cl\/web\/wp-json\/wp\/v2\/media\/12642"}],"wp:attachment":[{"href":"https:\/\/laserenaradio.cl\/web\/wp-json\/wp\/v2\/media?parent=12643"}],"wp:term":[{"taxonomy":"category","embeddable":true,"href":"https:\/\/laserenaradio.cl\/web\/wp-json\/wp\/v2\/categories?post=12643"},{"taxonomy":"post_tag","embeddable":true,"href":"https:\/\/laserenaradio.cl\/web\/wp-json\/wp\/v2\/tags?post=12643"}],"curies":[{"name":"wp","href":"https:\/\/api.w.org\/{rel}","templated":true}]}}