{"id":12634,"date":"2025-03-06T08:04:07","date_gmt":"2025-03-06T11:04:07","guid":{"rendered":"https:\/\/laserenaradio.cl\/web\/?p=12634"},"modified":"2025-03-06T08:04:07","modified_gmt":"2025-03-06T11:04:07","slug":"un-hombre-fue-asesinado-por-delincuentes-disfrazados-como-funcionarios-de-la-pdi-en-un-portonazo-ocurrido-en-la-granja","status":"publish","type":"post","link":"https:\/\/laserenaradio.cl\/web\/2025\/03\/06\/un-hombre-fue-asesinado-por-delincuentes-disfrazados-como-funcionarios-de-la-pdi-en-un-portonazo-ocurrido-en-la-granja\/","title":{"rendered":"Un hombre fue asesinado por delincuentes disfrazados como funcionarios de la PDI en un portonazo ocurrido en La Granja"},"content":{"rendered":"<p><b>Un hombre de 56 a\u00f1os, con antecedentes policiales por tr\u00e1fico de drogas, fue asesinado durante un portonazo en La Granja<\/b><!--more-->.<\/p>\n<p>Los delincuentes, que se hicieron pasar por funcionarios de la <a href=\"https:\/\/www.pdichile.cl\/\">PDI<\/a> y vest\u00edan chalecos antibalas, llegaron al pasaje 16 Oriente a las 21:00 horas del mi\u00e9rcoles en dos veh\u00edculos.<\/p>\n<p>Al llegar, los asaltantes robaron un autom\u00f3vil y en el proceso dispararon un balazo en la zona tor\u00e1cica a la v\u00edctima, quien se encontraba dentro de su domicilio. El hombre perdi\u00f3 la vida instant\u00e1neamente.<\/p>\n<p>Las autoridades informaron que los delincuentes escaparon en uno de los veh\u00edculos sustra\u00eddos, mientras el otro qued\u00f3 abandonado m\u00e1s tarde calcinado en Las Parcelas con Santo Tom\u00e1s, en La Pintana.<\/p>\n<p>El fiscal V\u00edctor N\u00fa\u00f1ez, de la <a href=\"https:\/\/www.fiscaliadechile.cl\/\">Fiscal\u00eda<\/a> Metropolitana Sur, se encuentra a cargo de esta investigaci\u00f3n.<\/p>\n<p>La Brigada de Homicidios de la <a href=\"https:\/\/www.pdichile.cl\/\">PDI<\/a> est\u00e1 trabajando en las diligencias correspondientes.<\/p>\n","protected":false},"excerpt":{"rendered":"<p>Un hombre de 56 a\u00f1os, con antecedentes policiales por tr\u00e1fico de drogas, fue asesinado durante un portonazo en La Granja<\/p>\n","protected":false},"author":2,"featured_media":12633,"comment_status":"closed","ping_status":"open","sticky":false,"template":"","format":"standard","meta":{"_jetpack_memberships_contains_paid_content":false,"jnews-multi-image_gallery":[],"jnews_single_post":[],"jnews_primary_category":[],"jnews_social_meta":[],"jnews_paywall_metabox":[],"jnews_review":[],"enable_review":"","type":"","name":"","summary":"","brand":"","sku":"","good":[],"bad":[],"score_override":"","override_value":"","rating":[],"price":[],"jnews_override_counter":[],"jnews_post_split":[],"footnotes":""},"categories":[21],"tags":[],"class_list":["post-12634","post","type-post","status-publish","format-standard","has-post-thumbnail","hentry","category-nacional"],"jetpack_featured_media_url":"https:\/\/laserenaradio.cl\/web\/wp-content\/uploads\/2025\/03\/homepiaiextractoscrapimg_webphombredelincuentesasesinadoportonazo_0.webp","jetpack_sharing_enabled":true,"_links":{"self":[{"href":"https:\/\/laserenaradio.cl\/web\/wp-json\/wp\/v2\/posts\/12634","targetHints":{"allow":["GET"]}}],"collection":[{"href":"https:\/\/laserenaradio.cl\/web\/wp-json\/wp\/v2\/posts"}],"about":[{"href":"https:\/\/laserenaradio.cl\/web\/wp-json\/wp\/v2\/types\/post"}],"author":[{"embeddable":true,"href":"https:\/\/laserenaradio.cl\/web\/wp-json\/wp\/v2\/users\/2"}],"replies":[{"embeddable":true,"href":"https:\/\/laserenaradio.cl\/web\/wp-json\/wp\/v2\/comments?post=12634"}],"version-history":[{"count":1,"href":"https:\/\/laserenaradio.cl\/web\/wp-json\/wp\/v2\/posts\/12634\/revisions"}],"predecessor-version":[{"id":12635,"href":"https:\/\/laserenaradio.cl\/web\/wp-json\/wp\/v2\/posts\/12634\/revisions\/12635"}],"wp:featuredmedia":[{"embeddable":true,"href":"https:\/\/laserenaradio.cl\/web\/wp-json\/wp\/v2\/media\/12633"}],"wp:attachment":[{"href":"https:\/\/laserenaradio.cl\/web\/wp-json\/wp\/v2\/media?parent=12634"}],"wp:term":[{"taxonomy":"category","embeddable":true,"href":"https:\/\/laserenaradio.cl\/web\/wp-json\/wp\/v2\/categories?post=12634"},{"taxonomy":"post_tag","embeddable":true,"href":"https:\/\/laserenaradio.cl\/web\/wp-json\/wp\/v2\/tags?post=12634"}],"curies":[{"name":"wp","href":"https:\/\/api.w.org\/{rel}","templated":true}]}}