{"id":12631,"date":"2025-03-06T07:57:21","date_gmt":"2025-03-06T10:57:21","guid":{"rendered":"https:\/\/laserenaradio.cl\/web\/?p=12631"},"modified":"2025-03-06T07:57:21","modified_gmt":"2025-03-06T10:57:21","slug":"evelyn-matthei-presentara-plan-economico-con-cinco-medidas-para-recuperar-la-salud-financiera-del-pais","status":"publish","type":"post","link":"https:\/\/laserenaradio.cl\/web\/2025\/03\/06\/evelyn-matthei-presentara-plan-economico-con-cinco-medidas-para-recuperar-la-salud-financiera-del-pais\/","title":{"rendered":"Evelyn Matthei presentar\u00e1 plan econ\u00f3mico con cinco medidas para recuperar la salud financiera del pa\u00eds"},"content":{"rendered":"<p><b>Este jueves a las 19:00 horas, la abanderada de Uni\u00f3n Democr\u00e1tica Independiente (UDI) y Renovaci\u00f3n Nacional (RN), Evelyn Matthei, lanzar\u00e1 sus equipos program\u00e1ticos y revelar\u00e1 su plan econ\u00f3mico para el pa\u00eds<\/b><!--more-->.<\/p>\n<p>Este equipo, compuesto por m\u00e1s de 300 personas divididos en 55 grupos de trabajo, ha abordado cuatro grandes temas: Bienestar; Desarrollo; Seguridad P\u00fablica; y Bases Institucionales y Presupuesto.<\/p>\n<p>La candidata presidencial propone implementar un &#8220;Plan de Emergencia para Chile&#8221;, enfatizando en seis ejes de trabajo cr\u00edticos. Uno de los focos discursivos m\u00e1s relevantes que ha tomado Matthei en las \u00faltimas semanas est\u00e1 relacionado con lo econ\u00f3mico. Ha realizado diversas ofensivas contra el gobierno, acus\u00e1ndolo de errores en el c\u00e1lculo del d\u00e9ficit fiscal.<\/p>\n<p>En una intervenci\u00f3n p\u00fablica, emplaz\u00f3 al Presidente Gabriel Boric a \u201cexplicarle a los chilenos el incre\u00edble error de la mejor directora de Presupuestos\u201d. D\u00edas despu\u00e9s, anunci\u00f3 que, en caso de ser electa, recortar\u00eda US$6.000 millones para permitir que Chile &#8220;pueda sanear y pueda volver a crecer&#8221;.<\/p>\n<p>En el contexto del traspaso de Corfo al gobierno por $3,4 billones, Matthei llam\u00f3 al ministro de Hacienda, Mario Marcel, a cuidar las arcas fiscales, advirtiendo sobre posibles errores que comprometan la econom\u00eda nacional.<\/p>\n<p>En su lanzamiento program\u00e1tico, Matthei presentar\u00e1 un plan econ\u00f3mico ambicioso. Seg\u00fan su equipo, este plan busca crear empleos y mejorar los ingresos familiares. El documento, incluye medidas para &#8220;recuperar la salud de las finanzas p\u00fablicas&#8221;, &#8220;gastar mejor los recursos&#8221;, &#8220;reabrir el apetito del sector privado&#8221;, &#8220;retomar la inversi\u00f3n con la reducci\u00f3n de trabas burocr\u00e1ticas&#8221;, &#8220;consolidar un sistema tributario simple&#8221; y &#8220;reactivar el empleo formal&#8221;.<\/p>\n","protected":false},"excerpt":{"rendered":"<p>Este jueves a las 19:00 horas, la abanderada de Uni\u00f3n Democr\u00e1tica Independiente (UDI) y Renovaci\u00f3n Nacional (RN), Evelyn Matthei, lanzar\u00e1 sus equipos program\u00e1ticos y revelar\u00e1 su plan econ\u00f3mico para el pa\u00eds<\/p>\n","protected":false},"author":2,"featured_media":12630,"comment_status":"closed","ping_status":"open","sticky":false,"template":"","format":"standard","meta":{"_jetpack_memberships_contains_paid_content":false,"jnews-multi-image_gallery":[],"jnews_single_post":[],"jnews_primary_category":[],"jnews_social_meta":[],"jnews_paywall_metabox":[],"jnews_review":[],"enable_review":"","type":"","name":"","summary":"","brand":"","sku":"","good":[],"bad":[],"score_override":"","override_value":"","rating":[],"price":[],"jnews_override_counter":[],"jnews_post_split":[],"footnotes":""},"categories":[83],"tags":[],"class_list":["post-12631","post","type-post","status-publish","format-standard","has-post-thumbnail","hentry","category-politica"],"jetpack_featured_media_url":"https:\/\/laserenaradio.cl\/web\/wp-content\/uploads\/2025\/03\/homepiaiextractoscrapimg_webpplanMattheimedidasEvelynMatthei_0.webp","jetpack_sharing_enabled":true,"_links":{"self":[{"href":"https:\/\/laserenaradio.cl\/web\/wp-json\/wp\/v2\/posts\/12631","targetHints":{"allow":["GET"]}}],"collection":[{"href":"https:\/\/laserenaradio.cl\/web\/wp-json\/wp\/v2\/posts"}],"about":[{"href":"https:\/\/laserenaradio.cl\/web\/wp-json\/wp\/v2\/types\/post"}],"author":[{"embeddable":true,"href":"https:\/\/laserenaradio.cl\/web\/wp-json\/wp\/v2\/users\/2"}],"replies":[{"embeddable":true,"href":"https:\/\/laserenaradio.cl\/web\/wp-json\/wp\/v2\/comments?post=12631"}],"version-history":[{"count":1,"href":"https:\/\/laserenaradio.cl\/web\/wp-json\/wp\/v2\/posts\/12631\/revisions"}],"predecessor-version":[{"id":12632,"href":"https:\/\/laserenaradio.cl\/web\/wp-json\/wp\/v2\/posts\/12631\/revisions\/12632"}],"wp:featuredmedia":[{"embeddable":true,"href":"https:\/\/laserenaradio.cl\/web\/wp-json\/wp\/v2\/media\/12630"}],"wp:attachment":[{"href":"https:\/\/laserenaradio.cl\/web\/wp-json\/wp\/v2\/media?parent=12631"}],"wp:term":[{"taxonomy":"category","embeddable":true,"href":"https:\/\/laserenaradio.cl\/web\/wp-json\/wp\/v2\/categories?post=12631"},{"taxonomy":"post_tag","embeddable":true,"href":"https:\/\/laserenaradio.cl\/web\/wp-json\/wp\/v2\/tags?post=12631"}],"curies":[{"name":"wp","href":"https:\/\/api.w.org\/{rel}","templated":true}]}}