{"id":12628,"date":"2025-03-06T07:40:48","date_gmt":"2025-03-06T10:40:48","guid":{"rendered":"https:\/\/laserenaradio.cl\/web\/?p=12628"},"modified":"2025-03-06T07:40:48","modified_gmt":"2025-03-06T10:40:48","slug":"alerta-amarilla-en-7-comunas-de-los-lagos-por-intensas-lluvias","status":"publish","type":"post","link":"https:\/\/laserenaradio.cl\/web\/2025\/03\/06\/alerta-amarilla-en-7-comunas-de-los-lagos-por-intensas-lluvias\/","title":{"rendered":"Alerta Amarilla en 7 comunas de Los Lagos por intensas lluvias"},"content":{"rendered":"<p><b>La Direcci\u00f3n Regional del Servicio Nacional de Prevenci\u00f3n y Respuesta ante Desastres (<a href=\"http:\/\/www.senapred.cl\">Senapred<\/a>) ha emitido una Alerta Amarilla para siete comunas de la regi\u00f3n de Los Lagos debido a pron\u00f3sticos de intensas lluvias en un corto periodo<\/b><!--more-->.<\/p>\n<p>Las \u00e1reas afectadas incluyen Puerto Montt, Calbuco y Cocham\u00f3, junto con las cuatro comunas que conforman la provincia de Palena: Futaleuf\u00fa, Palena, Chait\u00e9n y Hualaihu\u00e9.<\/p>\n<p>En Chait\u00e9n y Hualaihu\u00e9, se ha decidido suspender preventivamente todas las clases en los establecimientos educacionales. Esta medida afectar\u00e1 a m\u00e1s de 2.400 estudiantes. La alcaldesa de Hualaihu\u00e9, Cristina Espinoza, ha extendido la suspensi\u00f3n hasta el viernes.<\/p>\n<p>El evento meteorol\u00f3gico comenzar\u00e1 desde la noche de este mi\u00e9rcoles y durar\u00e1 hasta las primeras horas del jueves. Durante esta etapa, las autoridades se reunir\u00e1n para realizar evaluaciones y posiblemente extender la medida a otros establecimientos educacionales si es necesario, por ejemplo, para efectuar reparaciones.<\/p>\n","protected":false},"excerpt":{"rendered":"<p>La Direcci\u00f3n Regional del Servicio Nacional de Prevenci\u00f3n y Respuesta ante Desastres (Senapred) ha emitido una Alerta Amarilla para siete comunas de la regi\u00f3n de Los Lagos debido a pron\u00f3sticos de intensas lluvias en un corto periodo<\/p>\n","protected":false},"author":2,"featured_media":12627,"comment_status":"closed","ping_status":"open","sticky":false,"template":"","format":"standard","meta":{"_jetpack_memberships_contains_paid_content":false,"jnews-multi-image_gallery":[],"jnews_single_post":[],"jnews_primary_category":[],"jnews_social_meta":[],"jnews_paywall_metabox":[],"jnews_review":[],"enable_review":"","type":"","name":"","summary":"","brand":"","sku":"","good":[],"bad":[],"score_override":"","override_value":"","rating":[],"price":[],"jnews_override_counter":[],"jnews_post_split":[],"footnotes":""},"categories":[21],"tags":[],"class_list":["post-12628","post","type-post","status-publish","format-standard","has-post-thumbnail","hentry","category-nacional"],"jetpack_featured_media_url":"https:\/\/laserenaradio.cl\/web\/wp-content\/uploads\/2025\/03\/homepiaiextractoscrapimg_webpAlertaAmarillacomunaslluviassenapred_0.webp","jetpack_sharing_enabled":true,"_links":{"self":[{"href":"https:\/\/laserenaradio.cl\/web\/wp-json\/wp\/v2\/posts\/12628","targetHints":{"allow":["GET"]}}],"collection":[{"href":"https:\/\/laserenaradio.cl\/web\/wp-json\/wp\/v2\/posts"}],"about":[{"href":"https:\/\/laserenaradio.cl\/web\/wp-json\/wp\/v2\/types\/post"}],"author":[{"embeddable":true,"href":"https:\/\/laserenaradio.cl\/web\/wp-json\/wp\/v2\/users\/2"}],"replies":[{"embeddable":true,"href":"https:\/\/laserenaradio.cl\/web\/wp-json\/wp\/v2\/comments?post=12628"}],"version-history":[{"count":1,"href":"https:\/\/laserenaradio.cl\/web\/wp-json\/wp\/v2\/posts\/12628\/revisions"}],"predecessor-version":[{"id":12629,"href":"https:\/\/laserenaradio.cl\/web\/wp-json\/wp\/v2\/posts\/12628\/revisions\/12629"}],"wp:featuredmedia":[{"embeddable":true,"href":"https:\/\/laserenaradio.cl\/web\/wp-json\/wp\/v2\/media\/12627"}],"wp:attachment":[{"href":"https:\/\/laserenaradio.cl\/web\/wp-json\/wp\/v2\/media?parent=12628"}],"wp:term":[{"taxonomy":"category","embeddable":true,"href":"https:\/\/laserenaradio.cl\/web\/wp-json\/wp\/v2\/categories?post=12628"},{"taxonomy":"post_tag","embeddable":true,"href":"https:\/\/laserenaradio.cl\/web\/wp-json\/wp\/v2\/tags?post=12628"}],"curies":[{"name":"wp","href":"https:\/\/api.w.org\/{rel}","templated":true}]}}