{"id":12622,"date":"2025-03-05T21:20:50","date_gmt":"2025-03-06T00:20:50","guid":{"rendered":"https:\/\/laserenaradio.cl\/web\/?p=12622"},"modified":"2025-03-05T21:20:50","modified_gmt":"2025-03-06T00:20:50","slug":"karol-cariola-confirma-su-alta-medica-tras-el-nacimiento-de-su-hijo-y-rechaza-la-connotacion-negativa-del-allanamiento-en-su-domicilio","status":"publish","type":"post","link":"https:\/\/laserenaradio.cl\/web\/2025\/03\/05\/karol-cariola-confirma-su-alta-medica-tras-el-nacimiento-de-su-hijo-y-rechaza-la-connotacion-negativa-del-allanamiento-en-su-domicilio\/","title":{"rendered":"Karol Cariola confirma su alta m\u00e9dica tras el nacimiento de su hijo y rechaza la connotaci\u00f3n negativa del allanamiento en su domicilio"},"content":{"rendered":"<p><b>La diputada Karol Cariola (PC) ha confirmado su alta m\u00e9dica tras dar a luz a su primer hijo, Borjita, dos d\u00edas despu\u00e9s de un intenso allanamiento en su domicilio ordenado por el Ministerio P\u00fablico<\/b><!--more-->.<\/p>\n<p>Este evento se produce en el marco de la investigaci\u00f3n sobre presunto tr\u00e1fico de influencias relacionado con el caso Sierra Bella.<\/p>\n<p>En declaraciones recientes, Cariola expres\u00f3: &#8220;Borjita est\u00e1 bien y naci\u00f3 sano. A pesar de las tensiones y dificultades enfrentadas durante estos d\u00edas, estoy logrando la calma necesaria para amamantar a mi beb\u00e9 y proporcionarle los cuidados que necesita&#8221;.<\/p>\n<p>La parlamentaria rechaz\u00f3 que en un momento tan especial como el parto sea objeto de una acci\u00f3n judicial. Reiter\u00f3 su disposici\u00f3n a colaborar con la justicia y afirm\u00f3: &#8220;He actuado siempre apegada a la ley&#8221;.<\/p>\n<p>Cariola tambi\u00e9n agradeci\u00f3 los mensajes de apoyo recibidos, destacando que &#8220;como familia estamos muy agradecidos de cada mensaje de amor que nos env\u00edan. Nos sirven mucho para sentirnos acompa\u00f1ados y dan mucha fuerza&#8221;.<\/p>\n<p>La diputada anticip\u00f3 que espera &#8220;pronto recuperar todas mis condiciones para realizar mi defensa&#8221;.<\/p>\n<p>El allanamiento, realizado el pasado lunes 4 de marzo, horas despu\u00e9s del parto, fue en el contexto de la investigaci\u00f3n por presuntas gestiones de Cariola ante la ex alcaldesa de Santiago, Irac\u00ed Hassler (PC), para obtener una patente municipal para un ciudadano chino vinculado al caso Sierra Bella.<\/p>\n","protected":false},"excerpt":{"rendered":"<p>La diputada Karol Cariola (PC) ha confirmado su alta m\u00e9dica tras dar a luz a su primer hijo, Borjita, dos d\u00edas despu\u00e9s de un intenso allanamiento en su domicilio ordenado por el Ministerio P\u00fablico<\/p>\n","protected":false},"author":2,"featured_media":12621,"comment_status":"closed","ping_status":"open","sticky":false,"template":"","format":"standard","meta":{"_jetpack_memberships_contains_paid_content":false,"jnews-multi-image_gallery":[],"jnews_single_post":[],"jnews_primary_category":[],"jnews_social_meta":[],"jnews_paywall_metabox":[],"jnews_review":[],"enable_review":"","type":"","name":"","summary":"","brand":"","sku":"","good":[],"bad":[],"score_override":"","override_value":"","rating":[],"price":[],"jnews_override_counter":[],"jnews_post_split":[],"footnotes":""},"categories":[83],"tags":[],"class_list":["post-12622","post","type-post","status-publish","format-standard","has-post-thumbnail","hentry","category-politica"],"jetpack_featured_media_url":"https:\/\/laserenaradio.cl\/web\/wp-content\/uploads\/2025\/03\/homepiaiextractoscrapimg_webpallanamientodiputadaKarolCariolaalta_0.webp","jetpack_sharing_enabled":true,"_links":{"self":[{"href":"https:\/\/laserenaradio.cl\/web\/wp-json\/wp\/v2\/posts\/12622","targetHints":{"allow":["GET"]}}],"collection":[{"href":"https:\/\/laserenaradio.cl\/web\/wp-json\/wp\/v2\/posts"}],"about":[{"href":"https:\/\/laserenaradio.cl\/web\/wp-json\/wp\/v2\/types\/post"}],"author":[{"embeddable":true,"href":"https:\/\/laserenaradio.cl\/web\/wp-json\/wp\/v2\/users\/2"}],"replies":[{"embeddable":true,"href":"https:\/\/laserenaradio.cl\/web\/wp-json\/wp\/v2\/comments?post=12622"}],"version-history":[{"count":1,"href":"https:\/\/laserenaradio.cl\/web\/wp-json\/wp\/v2\/posts\/12622\/revisions"}],"predecessor-version":[{"id":12623,"href":"https:\/\/laserenaradio.cl\/web\/wp-json\/wp\/v2\/posts\/12622\/revisions\/12623"}],"wp:featuredmedia":[{"embeddable":true,"href":"https:\/\/laserenaradio.cl\/web\/wp-json\/wp\/v2\/media\/12621"}],"wp:attachment":[{"href":"https:\/\/laserenaradio.cl\/web\/wp-json\/wp\/v2\/media?parent=12622"}],"wp:term":[{"taxonomy":"category","embeddable":true,"href":"https:\/\/laserenaradio.cl\/web\/wp-json\/wp\/v2\/categories?post=12622"},{"taxonomy":"post_tag","embeddable":true,"href":"https:\/\/laserenaradio.cl\/web\/wp-json\/wp\/v2\/tags?post=12622"}],"curies":[{"name":"wp","href":"https:\/\/api.w.org\/{rel}","templated":true}]}}