{"id":12619,"date":"2025-03-05T21:19:05","date_gmt":"2025-03-06T00:19:05","guid":{"rendered":"https:\/\/laserenaradio.cl\/web\/?p=12619"},"modified":"2025-03-05T21:19:05","modified_gmt":"2025-03-06T00:19:05","slug":"ovalle-conmemora-el-dia-internacional-de-la-mujer-con-actividades-en-su-plaza-de-armas","status":"publish","type":"post","link":"https:\/\/laserenaradio.cl\/web\/2025\/03\/05\/ovalle-conmemora-el-dia-internacional-de-la-mujer-con-actividades-en-su-plaza-de-armas\/","title":{"rendered":"Ovalle conmemora el D\u00eda Internacional de la Mujer con actividades en su plaza de armas"},"content":{"rendered":"<p><b>En el marco del D\u00eda Internacional de la Mujer, el 8 de marzo, el municipio de Ovalle organizar\u00e1 una jornada dedicada a las mujeres<\/b><!--more-->.<\/p>\n<p>Este evento se llevar\u00e1 a cabo el viernes 7 de marzo en la plaza de armas desde las 9:30 hasta las 13:00 horas y cuenta con diversas actividades.<\/p>\n<p>La jornada iniciar\u00e1 con un taller de Yoga seguido por el conversatorio \u201cDesmasculinizando mi oficio\u201d, donde profesionales como Mar\u00eda Angelina Romero, Francisca Opazo, Mar\u00eda Jos\u00e9 Araya y Jeannette Andrade compartir\u00e1n sus experiencias laborales.<\/p>\n<p>Posteriormente se desarrollar\u00e1 el conversatorio \u201cLiderando territorios\u201d con Natalia Lemus, Alexandra Cort\u00e9s y Leydy de Los R\u00edos, quienes explicar\u00e1n su rol en la sociedad local. Tambi\u00e9n habr\u00e1 un Taller de Zumba a partir de las 12:00 horas.<\/p>\n<p>El alcalde H\u00e9ctor Vega Campusano invita a la comunidad a participar, subrayando el valor del empoderamiento femenino y la igualdad de g\u00e9nero.<\/p>\n<p>Mar\u00eda Paulina Alfaro, encargada de la Oficina de la Mujer, destaca que el objetivo es conmemorar este d\u00eda, destacando logros y vivencias de las mujeres. Para celebrar, se contar\u00e1 con una presentaci\u00f3n musical local por PAE, quien interpretar\u00e1 \u00e9xitos populares.<\/p>\n<p>La jornada culminar\u00e1 con la corrida \u201cOvalle Corre con Ellas\u201d el s\u00e1bado 8 de marzo a partir de 18:00 horas, organizada por los clubes Las Perlas del Limar\u00ed y Desenfrenadas Ovalle con el apoyo municipal.<\/p>\n<p>Esta actividad pretende ser una celebraci\u00f3n inclusiva para reconocer el papel vital que las mujeres juegan en nuestra sociedad.<\/p>\n","protected":false},"excerpt":{"rendered":"<p>En el marco del D\u00eda Internacional de la Mujer, el 8 de marzo, el municipio de Ovalle organizar\u00e1 una jornada dedicada a las mujeres<\/p>\n","protected":false},"author":2,"featured_media":12618,"comment_status":"closed","ping_status":"open","sticky":false,"template":"","format":"standard","meta":{"_jetpack_memberships_contains_paid_content":false,"jnews-multi-image_gallery":[],"jnews_single_post":[],"jnews_primary_category":[],"jnews_social_meta":[],"jnews_paywall_metabox":[],"jnews_review":[],"enable_review":"","type":"","name":"","summary":"","brand":"","sku":"","good":[],"bad":[],"score_override":"","override_value":"","rating":[],"price":[],"jnews_override_counter":[],"jnews_post_split":[],"footnotes":""},"categories":[21],"tags":[],"class_list":["post-12619","post","type-post","status-publish","format-standard","has-post-thumbnail","hentry","category-nacional"],"jetpack_featured_media_url":"https:\/\/laserenaradio.cl\/web\/wp-content\/uploads\/2025\/03\/homepiaiextractoscrapimg_webpTituloOvalle_0.webp","jetpack_sharing_enabled":true,"_links":{"self":[{"href":"https:\/\/laserenaradio.cl\/web\/wp-json\/wp\/v2\/posts\/12619","targetHints":{"allow":["GET"]}}],"collection":[{"href":"https:\/\/laserenaradio.cl\/web\/wp-json\/wp\/v2\/posts"}],"about":[{"href":"https:\/\/laserenaradio.cl\/web\/wp-json\/wp\/v2\/types\/post"}],"author":[{"embeddable":true,"href":"https:\/\/laserenaradio.cl\/web\/wp-json\/wp\/v2\/users\/2"}],"replies":[{"embeddable":true,"href":"https:\/\/laserenaradio.cl\/web\/wp-json\/wp\/v2\/comments?post=12619"}],"version-history":[{"count":1,"href":"https:\/\/laserenaradio.cl\/web\/wp-json\/wp\/v2\/posts\/12619\/revisions"}],"predecessor-version":[{"id":12620,"href":"https:\/\/laserenaradio.cl\/web\/wp-json\/wp\/v2\/posts\/12619\/revisions\/12620"}],"wp:featuredmedia":[{"embeddable":true,"href":"https:\/\/laserenaradio.cl\/web\/wp-json\/wp\/v2\/media\/12618"}],"wp:attachment":[{"href":"https:\/\/laserenaradio.cl\/web\/wp-json\/wp\/v2\/media?parent=12619"}],"wp:term":[{"taxonomy":"category","embeddable":true,"href":"https:\/\/laserenaradio.cl\/web\/wp-json\/wp\/v2\/categories?post=12619"},{"taxonomy":"post_tag","embeddable":true,"href":"https:\/\/laserenaradio.cl\/web\/wp-json\/wp\/v2\/tags?post=12619"}],"curies":[{"name":"wp","href":"https:\/\/api.w.org\/{rel}","templated":true}]}}