{"id":12613,"date":"2025-03-05T21:13:30","date_gmt":"2025-03-06T00:13:30","guid":{"rendered":"https:\/\/laserenaradio.cl\/web\/?p=12613"},"modified":"2025-03-05T21:13:30","modified_gmt":"2025-03-06T00:13:30","slug":"el-fc-barcelona-bayern-munich-e-inter-de-milan-asoman-en-la-champions-league","status":"publish","type":"post","link":"https:\/\/laserenaradio.cl\/web\/2025\/03\/05\/el-fc-barcelona-bayern-munich-e-inter-de-milan-asoman-en-la-champions-league\/","title":{"rendered":"El FC Barcelona, Bayern M\u00fanich e Inter de Mil\u00e1n asoman en la Champions League"},"content":{"rendered":"<p><b>FC Barcelona, Bayern M\u00fanich e Inter de Mil\u00e1n marcaron hitos en los octavos de final de la Champions League 2024-2025, avanzando hacia la siguiente ronda del prestigioso torneo europeo. El FC Barcelona logr\u00f3 una victoria crucial en Lisboa gracias al gol solitario de Raphael Dias &#8216;Raphinha&#8217; (1-0) a los 61 minutos<\/b><!--more-->.<\/p>\n<p>El equipo azulgrana resisti\u00f3 con un jugador menos durante m\u00e1s de 70 minutos, demostrando la val\u00eda de Wojciech Szczesny y Pedri en el medio campo. Por su parte, el Bayern M\u00fanich deshizo una maldici\u00f3n al golear a Bayer Leverkusen por 3-0. Harry Kane abri\u00f3 el marcador con un gol de cabeza (9&#8242;) y el segundo gol del partido surgi\u00f3 de un penal cobrado por Musiala (54&#8242;). Nordi Mukiele fue expulsado (62&#8242;), lo que no disminuy\u00f3 la victoria b\u00e1var, que sell\u00f3 su paso a cuartos de final con un tercer gol en contra del portero Matej Kovar.<\/p>\n<p>El Inter de Mil\u00e1n se hizo acreedor al pase a los cuartos de final de la Liga de Campeones con una s\u00f3lida victoria 2-0 sobre el Feyenoord. Lautaro Mart\u00ednez anot\u00f3 dos goles, convirti\u00e9ndose en el m\u00e1ximo artillero de la historia del Inter con su diana n\u00famero 18.<\/p>\n<p>El duelo entre PSG y Liverpool fue otro de los choques destacados, donde los &#8216;Reds&#8217; se impusieron como visitantes por 1-0 gracias a un gol de Harvey Elliott (87&#8242;).<\/p>\n<p>Los encuentros de vuelta est\u00e1n programados para el pr\u00f3ximo martes 11 de marzo.<\/p>\n","protected":false},"excerpt":{"rendered":"<p>FC Barcelona, Bayern M\u00fanich e Inter de Mil\u00e1n marcaron hitos en los octavos de final de la Champions League 2024-2025, avanzando hacia la siguiente ronda del prestigioso torneo europeo. El FC Barcelona logr\u00f3 una victoria crucial en Lisboa gracias al gol solitario de Raphael Dias &#8216;Raphinha&#8217; (1-0) a los 61 minutos<\/p>\n","protected":false},"author":2,"featured_media":12612,"comment_status":"closed","ping_status":"open","sticky":false,"template":"","format":"standard","meta":{"_jetpack_memberships_contains_paid_content":false,"jnews-multi-image_gallery":[],"jnews_single_post":[],"jnews_primary_category":[],"jnews_social_meta":[],"jnews_paywall_metabox":[],"jnews_review":[],"enable_review":"","type":"","name":"","summary":"","brand":"","sku":"","good":[],"bad":[],"score_override":"","override_value":"","rating":[],"price":[],"jnews_override_counter":[],"jnews_post_split":[],"footnotes":""},"categories":[84],"tags":[],"class_list":["post-12613","post","type-post","status-publish","format-standard","has-post-thumbnail","hentry","category-deportes"],"jetpack_featured_media_url":"https:\/\/laserenaradio.cl\/web\/wp-content\/uploads\/2025\/03\/homepiaiextractoscrapimg_webpFCBarcelona_0.webp","jetpack_sharing_enabled":true,"_links":{"self":[{"href":"https:\/\/laserenaradio.cl\/web\/wp-json\/wp\/v2\/posts\/12613","targetHints":{"allow":["GET"]}}],"collection":[{"href":"https:\/\/laserenaradio.cl\/web\/wp-json\/wp\/v2\/posts"}],"about":[{"href":"https:\/\/laserenaradio.cl\/web\/wp-json\/wp\/v2\/types\/post"}],"author":[{"embeddable":true,"href":"https:\/\/laserenaradio.cl\/web\/wp-json\/wp\/v2\/users\/2"}],"replies":[{"embeddable":true,"href":"https:\/\/laserenaradio.cl\/web\/wp-json\/wp\/v2\/comments?post=12613"}],"version-history":[{"count":1,"href":"https:\/\/laserenaradio.cl\/web\/wp-json\/wp\/v2\/posts\/12613\/revisions"}],"predecessor-version":[{"id":12614,"href":"https:\/\/laserenaradio.cl\/web\/wp-json\/wp\/v2\/posts\/12613\/revisions\/12614"}],"wp:featuredmedia":[{"embeddable":true,"href":"https:\/\/laserenaradio.cl\/web\/wp-json\/wp\/v2\/media\/12612"}],"wp:attachment":[{"href":"https:\/\/laserenaradio.cl\/web\/wp-json\/wp\/v2\/media?parent=12613"}],"wp:term":[{"taxonomy":"category","embeddable":true,"href":"https:\/\/laserenaradio.cl\/web\/wp-json\/wp\/v2\/categories?post=12613"},{"taxonomy":"post_tag","embeddable":true,"href":"https:\/\/laserenaradio.cl\/web\/wp-json\/wp\/v2\/tags?post=12613"}],"curies":[{"name":"wp","href":"https:\/\/api.w.org\/{rel}","templated":true}]}}