{"id":12610,"date":"2025-03-05T21:08:59","date_gmt":"2025-03-06T00:08:59","guid":{"rendered":"https:\/\/laserenaradio.cl\/web\/?p=12610"},"modified":"2025-03-05T21:08:59","modified_gmt":"2025-03-06T00:08:59","slug":"diego-ibanez-definio-postura-del-frente-amplio-sobre-las-candidaturas-presidenciales","status":"publish","type":"post","link":"https:\/\/laserenaradio.cl\/web\/2025\/03\/05\/diego-ibanez-definio-postura-del-frente-amplio-sobre-las-candidaturas-presidenciales\/","title":{"rendered":"Diego Ib\u00e1\u00f1ez defini\u00f3 postura del Frente Amplio sobre las candidaturas presidenciales"},"content":{"rendered":"<p><b>Desde el oficialismo del Frente Amplio, el diputado Diego Ib\u00e1\u00f1ez se refiri\u00f3 a la renuncia de Carolina Toh\u00e1, ahora exministra del Interior, para posiblemente asumir una candidatura presidencial<\/b><!--more-->.<\/p>\n<p>En este contexto, el parlamentario destac\u00f3 el trabajo de Toh\u00e1 en avanzar la agenda de seguridad, subrayando que durante su gesti\u00f3n se aprobaron m\u00e1s de 45 leyes. \u201cComo Frente Amplio le agradecemos bastante la premura y urgencia con la que le impulso a la agenda de seguridad\u201d, expres\u00f3 Ib\u00e1\u00f1ez.<\/p>\n<p>Asegur\u00f3 que el partido brindar\u00e1 todo el respaldo al pr\u00f3ximo titular del <a href=\"https:\/\/www.interior.gob.cl\/\">Ministerio del Interior<\/a>, el actual ministro de Segpres, \u00c1lvaro Elizalde.<\/p>\n<p>\u201cPara nosotros es bastante sorprendente esta noticia. Sab\u00edamos que hay muchas definiciones a\u00fan por tomar y que los partidos tendr\u00e1n debates, pero -a priori- creemos que necesitamos una candidatura competitiva, de mayor\u00edas\u201d, explic\u00f3 el legislador.<\/p>\n<p>Durante un Comit\u00e9 Central programado para el 15 de marzo, el Frente Amplio discutir\u00e1 las posibles candidaturas presidenciales.<\/p>\n<p>\u201cEst\u00e1 la expresidenta Bachelet marcando muy bien en las encuestas y articulando una mayor\u00eda donde nosotros estamos a disposici\u00f3n de ese trabajo program\u00e1tico con ella. Tambi\u00e9n estaremos en este debate, donde definiremos nuestra posici\u00f3n\u201d, concluy\u00f3 Ib\u00e1\u00f1ez.<\/p>\n","protected":false},"excerpt":{"rendered":"<p>Desde el oficialismo del Frente Amplio, el diputado Diego Ib\u00e1\u00f1ez se refiri\u00f3 a la renuncia de Carolina Toh\u00e1, ahora exministra del Interior, para posiblemente asumir una candidatura presidencial<\/p>\n","protected":false},"author":2,"featured_media":12609,"comment_status":"closed","ping_status":"open","sticky":false,"template":"","format":"standard","meta":{"_jetpack_memberships_contains_paid_content":false,"jnews-multi-image_gallery":[],"jnews_single_post":[],"jnews_primary_category":[],"jnews_social_meta":[],"jnews_paywall_metabox":[],"jnews_review":[],"enable_review":"","type":"","name":"","summary":"","brand":"","sku":"","good":[],"bad":[],"score_override":"","override_value":"","rating":[],"price":[],"jnews_override_counter":[],"jnews_post_split":[],"footnotes":""},"categories":[83],"tags":[],"class_list":["post-12610","post","type-post","status-publish","format-standard","has-post-thumbnail","hentry","category-politica"],"jetpack_featured_media_url":"https:\/\/laserenaradio.cl\/web\/wp-content\/uploads\/2025\/03\/homepiaiextractoscrapimg_webpDiegoIbanez_1.webp","jetpack_sharing_enabled":true,"_links":{"self":[{"href":"https:\/\/laserenaradio.cl\/web\/wp-json\/wp\/v2\/posts\/12610","targetHints":{"allow":["GET"]}}],"collection":[{"href":"https:\/\/laserenaradio.cl\/web\/wp-json\/wp\/v2\/posts"}],"about":[{"href":"https:\/\/laserenaradio.cl\/web\/wp-json\/wp\/v2\/types\/post"}],"author":[{"embeddable":true,"href":"https:\/\/laserenaradio.cl\/web\/wp-json\/wp\/v2\/users\/2"}],"replies":[{"embeddable":true,"href":"https:\/\/laserenaradio.cl\/web\/wp-json\/wp\/v2\/comments?post=12610"}],"version-history":[{"count":1,"href":"https:\/\/laserenaradio.cl\/web\/wp-json\/wp\/v2\/posts\/12610\/revisions"}],"predecessor-version":[{"id":12611,"href":"https:\/\/laserenaradio.cl\/web\/wp-json\/wp\/v2\/posts\/12610\/revisions\/12611"}],"wp:featuredmedia":[{"embeddable":true,"href":"https:\/\/laserenaradio.cl\/web\/wp-json\/wp\/v2\/media\/12609"}],"wp:attachment":[{"href":"https:\/\/laserenaradio.cl\/web\/wp-json\/wp\/v2\/media?parent=12610"}],"wp:term":[{"taxonomy":"category","embeddable":true,"href":"https:\/\/laserenaradio.cl\/web\/wp-json\/wp\/v2\/categories?post=12610"},{"taxonomy":"post_tag","embeddable":true,"href":"https:\/\/laserenaradio.cl\/web\/wp-json\/wp\/v2\/tags?post=12610"}],"curies":[{"name":"wp","href":"https:\/\/api.w.org\/{rel}","templated":true}]}}