{"id":12597,"date":"2025-03-04T15:28:40","date_gmt":"2025-03-04T18:28:40","guid":{"rendered":"https:\/\/laserenaradio.cl\/web\/?p=12597"},"modified":"2025-03-04T15:30:14","modified_gmt":"2025-03-04T18:30:14","slug":"supuesto-pastor-evangelico-culpa-a-las-victimas-de-violaciones","status":"publish","type":"post","link":"https:\/\/laserenaradio.cl\/web\/2025\/03\/04\/supuesto-pastor-evangelico-culpa-a-las-victimas-de-violaciones\/","title":{"rendered":"Supuesto pastor evang\u00e9lico culpa a las v\u00edctimas de violaciones"},"content":{"rendered":"\n<p><b>En Concepci\u00f3n, un supuesto pastor evang\u00e9lico caus\u00f3 indignaci\u00f3n al culpabilizar a ni\u00f1as y mujeres por actos de violencia e incluso asesinato en una pr\u00e9dica p\u00fablica<\/b><\/p>\n\n\n\n<!--more-->\n\n\n\n<p>.<\/p>\n\n\n\n<p>Sus discursos de odio se han vuelto recurrentes en espacios comunitarios, siendo ampliamente condenados.<\/p>\n\n\n\n<p>El hombre pronunci\u00f3 declaraciones como: &#8220;Los profesores por abajo miran los puestos, ech\u00e1ndole el ojo. \u00bfPor qu\u00e9 pasan las violaciones? No es culpa del profesor, es la ni\u00f1a que est\u00e1 ah\u00ed, provocando&#8221;.<\/p>\n\n\n\n<p>Adem\u00e1s, a\u00f1adi\u00f3: &#8220;\u00bfQu\u00e9 pasa con la mujer? Que pasa un auto, la echaron arriba, en cinco minutos m\u00e1s la violaron, la descuartizaron y la mataron. \u00bfPor qu\u00e9? Por culpa de la mujer, no del hombre&#8221;. Inmediatamente, personas denunciaron esta situaci\u00f3n.<\/p>\n\n\n\n<p>El alcalde de Concepci\u00f3n, H\u00e9ctor Mu\u00f1oz, quien es tambi\u00e9n un pastor evang\u00e9lico, conden\u00f3 el hecho e indic\u00f3 que este individuo aparentemente no pertenece a ninguna iglesia local. Mu\u00f1oz instruy\u00f3 a la seguridad p\u00fablica a quedarse en el lugar para prevenir que vuelva. El jefe comunal resalt\u00f3 que este incidente fue especialmente indignante v\u00edspera del 8M, conmemorado este fin de semana.<\/p>\n\n\n\n<p>Oriana Astudillo, coordinadora de Mujeres En Resistencia, expres\u00f3 que era peligroso tener a un sujeto educando con tales discursos. El individuo result\u00f3 ser multado y citado al Juzgado de Polic\u00eda Local.<\/p>\n\n\n\n<p>Se inform\u00f3 que, si vuelve a la plaza, <a href=\"https:\/\/www.carabineros.cl\/\">Carabineros<\/a> adoptar\u00e1 el procedimiento necesario para garantizar la seguridad.<\/p>\n\n\n\n<figure class=\"wp-block-embed is-type-rich is-provider-twitter wp-block-embed-twitter\"><div class=\"wp-block-embed__wrapper\">\n<blockquote class=\"twitter-tweet\" data-width=\"500\" data-dnt=\"true\"><p lang=\"es\" dir=\"ltr\">Repudio por predicador en Plaza Independencia de Concepci\u00f3n: culp\u00f3 a ni\u00f1as y adultas de ser violadas <a href=\"https:\/\/t.co\/ZstJOJ6MUO\">pic.twitter.com\/ZstJOJ6MUO<\/a><\/p>&mdash; Amigos Penquistas (@Amigopenquista) <a href=\"https:\/\/twitter.com\/Amigopenquista\/status\/1896973262728651096?ref_src=twsrc%5Etfw\">March 4, 2025<\/a><\/blockquote><script async src=\"https:\/\/platform.twitter.com\/widgets.js\" charset=\"utf-8\"><\/script>\n<\/div><\/figure>\n","protected":false},"excerpt":{"rendered":"<p>En Concepci\u00f3n, un supuesto pastor evang\u00e9lico caus\u00f3 indignaci\u00f3n al culpabilizar a ni\u00f1as y mujeres por actos de violencia e incluso asesinato en una pr\u00e9dica p\u00fablica<\/p>\n","protected":false},"author":2,"featured_media":12596,"comment_status":"closed","ping_status":"open","sticky":false,"template":"","format":"standard","meta":{"_jetpack_memberships_contains_paid_content":false,"jnews-multi-image_gallery":[],"jnews_single_post":{"format":"standard"},"jnews_primary_category":[],"jnews_social_meta":[],"jnews_paywall_metabox":[],"jnews_review":[],"enable_review":"","type":"","name":"","summary":"","brand":"","sku":"","good":[],"bad":[],"score_override":"","override_value":"","rating":[],"price":[],"jnews_override_counter":[],"jnews_post_split":[],"footnotes":""},"categories":[21],"tags":[],"class_list":["post-12597","post","type-post","status-publish","format-standard","has-post-thumbnail","hentry","category-nacional"],"jetpack_featured_media_url":"https:\/\/laserenaradio.cl\/web\/wp-content\/uploads\/2025\/03\/homepiaiextractoscrapimg_predeterminadalaserenaradio_nacional-4.webp","jetpack_sharing_enabled":true,"_links":{"self":[{"href":"https:\/\/laserenaradio.cl\/web\/wp-json\/wp\/v2\/posts\/12597","targetHints":{"allow":["GET"]}}],"collection":[{"href":"https:\/\/laserenaradio.cl\/web\/wp-json\/wp\/v2\/posts"}],"about":[{"href":"https:\/\/laserenaradio.cl\/web\/wp-json\/wp\/v2\/types\/post"}],"author":[{"embeddable":true,"href":"https:\/\/laserenaradio.cl\/web\/wp-json\/wp\/v2\/users\/2"}],"replies":[{"embeddable":true,"href":"https:\/\/laserenaradio.cl\/web\/wp-json\/wp\/v2\/comments?post=12597"}],"version-history":[{"count":2,"href":"https:\/\/laserenaradio.cl\/web\/wp-json\/wp\/v2\/posts\/12597\/revisions"}],"predecessor-version":[{"id":12599,"href":"https:\/\/laserenaradio.cl\/web\/wp-json\/wp\/v2\/posts\/12597\/revisions\/12599"}],"wp:featuredmedia":[{"embeddable":true,"href":"https:\/\/laserenaradio.cl\/web\/wp-json\/wp\/v2\/media\/12596"}],"wp:attachment":[{"href":"https:\/\/laserenaradio.cl\/web\/wp-json\/wp\/v2\/media?parent=12597"}],"wp:term":[{"taxonomy":"category","embeddable":true,"href":"https:\/\/laserenaradio.cl\/web\/wp-json\/wp\/v2\/categories?post=12597"},{"taxonomy":"post_tag","embeddable":true,"href":"https:\/\/laserenaradio.cl\/web\/wp-json\/wp\/v2\/tags?post=12597"}],"curies":[{"name":"wp","href":"https:\/\/api.w.org\/{rel}","templated":true}]}}