{"id":12591,"date":"2025-03-04T13:03:10","date_gmt":"2025-03-04T16:03:10","guid":{"rendered":"https:\/\/laserenaradio.cl\/web\/?p=12591"},"modified":"2025-03-04T13:03:10","modified_gmt":"2025-03-04T16:03:10","slug":"dos-muertos-y-siete-heridos-en-grave-accidente-de-transito-en-ovalle","status":"publish","type":"post","link":"https:\/\/laserenaradio.cl\/web\/2025\/03\/04\/dos-muertos-y-siete-heridos-en-grave-accidente-de-transito-en-ovalle\/","title":{"rendered":"Dos muertos y siete heridos en grave accidente de tr\u00e1nsito en Ovalle"},"content":{"rendered":"<p><b>Este martes por la ma\u00f1ana ocurri\u00f3 un grave accidente de tr\u00e1nsito en el cruce San Juli\u00e1n de Ovalle, donde dos veh\u00edculos colisionaron severamente<\/b><!--more-->.<\/p>\n<p>El siniestro dej\u00f3 a dos personas fallecidas y afect\u00f3 a al menos siete ocupantes con lesiones graves, entre ellos dos menores de edad que resultaron heridos y fueron trasladados al SAR Marcos Macuada. Los otros pacientes fueron derivados al Hospital de Ovalle.<\/p>\n<p>Seg\u00fan las primeras informaciones, el accidente se produjo en torno a las 10:00 horas en la intersecci\u00f3n de las rutas D-555 y D-45.<\/p>\n<p>El tr\u00e1nsito ha sido interrumpido provisionalmente por sur-norte mientras llegan los equipos de la SIAT de <a href=\"https:\/\/www.carabineros.cl\/\">Carabineros<\/a> para realizar las pericias correspondientes al accidente.<\/p>\n","protected":false},"excerpt":{"rendered":"<p>Este martes por la ma\u00f1ana ocurri\u00f3 un grave accidente de tr\u00e1nsito en el cruce San Juli\u00e1n de Ovalle, donde dos veh\u00edculos colisionaron severamente<\/p>\n","protected":false},"author":2,"featured_media":12590,"comment_status":"closed","ping_status":"open","sticky":false,"template":"","format":"standard","meta":{"_jetpack_memberships_contains_paid_content":false,"jnews-multi-image_gallery":[],"jnews_single_post":[],"jnews_primary_category":[],"jnews_social_meta":[],"jnews_paywall_metabox":[],"jnews_review":[],"enable_review":"","type":"","name":"","summary":"","brand":"","sku":"","good":[],"bad":[],"score_override":"","override_value":"","rating":[],"price":[],"jnews_override_counter":[],"jnews_post_split":[],"footnotes":""},"categories":[21],"tags":[],"class_list":["post-12591","post","type-post","status-publish","format-standard","has-post-thumbnail","hentry","category-nacional"],"jetpack_featured_media_url":"https:\/\/laserenaradio.cl\/web\/wp-content\/uploads\/2025\/03\/homepiaiextractoscrapimg_predeterminadalaserenaradio_ultimo_minuto.webp","jetpack_sharing_enabled":true,"_links":{"self":[{"href":"https:\/\/laserenaradio.cl\/web\/wp-json\/wp\/v2\/posts\/12591","targetHints":{"allow":["GET"]}}],"collection":[{"href":"https:\/\/laserenaradio.cl\/web\/wp-json\/wp\/v2\/posts"}],"about":[{"href":"https:\/\/laserenaradio.cl\/web\/wp-json\/wp\/v2\/types\/post"}],"author":[{"embeddable":true,"href":"https:\/\/laserenaradio.cl\/web\/wp-json\/wp\/v2\/users\/2"}],"replies":[{"embeddable":true,"href":"https:\/\/laserenaradio.cl\/web\/wp-json\/wp\/v2\/comments?post=12591"}],"version-history":[{"count":1,"href":"https:\/\/laserenaradio.cl\/web\/wp-json\/wp\/v2\/posts\/12591\/revisions"}],"predecessor-version":[{"id":12592,"href":"https:\/\/laserenaradio.cl\/web\/wp-json\/wp\/v2\/posts\/12591\/revisions\/12592"}],"wp:featuredmedia":[{"embeddable":true,"href":"https:\/\/laserenaradio.cl\/web\/wp-json\/wp\/v2\/media\/12590"}],"wp:attachment":[{"href":"https:\/\/laserenaradio.cl\/web\/wp-json\/wp\/v2\/media?parent=12591"}],"wp:term":[{"taxonomy":"category","embeddable":true,"href":"https:\/\/laserenaradio.cl\/web\/wp-json\/wp\/v2\/categories?post=12591"},{"taxonomy":"post_tag","embeddable":true,"href":"https:\/\/laserenaradio.cl\/web\/wp-json\/wp\/v2\/tags?post=12591"}],"curies":[{"name":"wp","href":"https:\/\/api.w.org\/{rel}","templated":true}]}}