{"id":12588,"date":"2025-03-04T13:00:13","date_gmt":"2025-03-04T16:00:13","guid":{"rendered":"https:\/\/laserenaradio.cl\/web\/?p=12588"},"modified":"2025-03-04T13:00:13","modified_gmt":"2025-03-04T16:00:13","slug":"contraloria-confirma-hallazgos-en-investigacion-sobre-gastos-reservados-de-monsalve","status":"publish","type":"post","link":"https:\/\/laserenaradio.cl\/web\/2025\/03\/04\/contraloria-confirma-hallazgos-en-investigacion-sobre-gastos-reservados-de-monsalve\/","title":{"rendered":"Contralor\u00eda confirma &#8216;hallazgos&#8217; en investigaci\u00f3n sobre gastos reservados de Monsalve"},"content":{"rendered":"<p><b>La contralora general de la Rep\u00fablica, Dorothy P\u00e9rez, reconoci\u00f3 \u201challazgos\u201d en la indagatoria sobre gastos reservados utilizados por el exsubsecretario del Interior, Manuel Monsalve, durante su intervenci\u00f3n en la Comisi\u00f3n Especial Investigadora del Caso Monsalve<\/b><!--more-->.<\/p>\n<p>Este lunes, se extendi\u00f3 por m\u00e1s de dos horas en la discusi\u00f3n.<\/p>\n<p>P\u00e9rez explic\u00f3 que Contralor\u00eda est\u00e1 analizando un sumario administrativo emitido por el <a href=\"https:\/\/www.interior.gob.cl\/\">Ministerio del Interior<\/a> tras la salida de Monsalve.<\/p>\n<p>Daniela Cicardini, diputada socialista, consult\u00f3 sobre el incumplimiento de Monsalve al no entregar la Declaraci\u00f3n de Intereses y Patrimonio reforzado, obligatoria para funcionarios con acceso a gastos reservados.<\/p>\n<p>La ley establece un marco para el uso del gasto reservado, excluyendo campa\u00f1as pol\u00edticas y gasto de personal, entre otros. P\u00e9rez asegur\u00f3 que la indagatoria sobre el gasto reservado ya finaliz\u00f3, aunque no pudo revelar detalles p\u00fablicamente sin una sesi\u00f3n secreta de la Comisi\u00f3n de Inteligencia.<\/p>\n<p>Por otra parte, la oposici\u00f3n critic\u00f3 a Miguel Crispi, jefe de asesores de La Moneda, por no responder preguntas durante su visita a la comisi\u00f3n. P\u00e9rez indic\u00f3 que Contralor\u00eda no puede pronunciarse sobre las comunicaciones reservadas entre Crispi y el Presidente Gabriel Boric.<\/p>\n<p>El diputado Miguel Mellado interpret\u00f3 los dichos de P\u00e9rez como una oportunidad para volver a invitar a Crispi, quien podr\u00eda ser llamado la pr\u00f3xima semana por el Fiscal Nacional, \u00c1ngel Valencia. La Comisi\u00f3n investigadora espera la respuesta final sobre Crispi antes del 26 de marzo.<\/p>\n<p>Este caso ha generado cuestionamientos sobre el manejo de la crisis que llev\u00f3 a la detenci\u00f3n de Monsalve y sus implicaciones en la gobernabilidad.<\/p>\n","protected":false},"excerpt":{"rendered":"<p>La contralora general de la Rep\u00fablica, Dorothy P\u00e9rez, reconoci\u00f3 \u201challazgos\u201d en la indagatoria sobre gastos reservados utilizados por el exsubsecretario del Interior, Manuel Monsalve, durante su intervenci\u00f3n en la Comisi\u00f3n Especial Investigadora del Caso Monsalve<\/p>\n","protected":false},"author":2,"featured_media":12587,"comment_status":"closed","ping_status":"open","sticky":false,"template":"","format":"standard","meta":{"_jetpack_memberships_contains_paid_content":false,"jnews-multi-image_gallery":[],"jnews_single_post":[],"jnews_primary_category":[],"jnews_social_meta":[],"jnews_paywall_metabox":[],"jnews_review":[],"enable_review":"","type":"","name":"","summary":"","brand":"","sku":"","good":[],"bad":[],"score_override":"","override_value":"","rating":[],"price":[],"jnews_override_counter":[],"jnews_post_split":[],"footnotes":""},"categories":[21],"tags":[],"class_list":["post-12588","post","type-post","status-publish","format-standard","has-post-thumbnail","hentry","category-nacional"],"jetpack_featured_media_url":"https:\/\/laserenaradio.cl\/web\/wp-content\/uploads\/2025\/03\/homepiaiextractoscrapimg_webpContraloriaMonsalve_0.webp","jetpack_sharing_enabled":true,"_links":{"self":[{"href":"https:\/\/laserenaradio.cl\/web\/wp-json\/wp\/v2\/posts\/12588","targetHints":{"allow":["GET"]}}],"collection":[{"href":"https:\/\/laserenaradio.cl\/web\/wp-json\/wp\/v2\/posts"}],"about":[{"href":"https:\/\/laserenaradio.cl\/web\/wp-json\/wp\/v2\/types\/post"}],"author":[{"embeddable":true,"href":"https:\/\/laserenaradio.cl\/web\/wp-json\/wp\/v2\/users\/2"}],"replies":[{"embeddable":true,"href":"https:\/\/laserenaradio.cl\/web\/wp-json\/wp\/v2\/comments?post=12588"}],"version-history":[{"count":1,"href":"https:\/\/laserenaradio.cl\/web\/wp-json\/wp\/v2\/posts\/12588\/revisions"}],"predecessor-version":[{"id":12589,"href":"https:\/\/laserenaradio.cl\/web\/wp-json\/wp\/v2\/posts\/12588\/revisions\/12589"}],"wp:featuredmedia":[{"embeddable":true,"href":"https:\/\/laserenaradio.cl\/web\/wp-json\/wp\/v2\/media\/12587"}],"wp:attachment":[{"href":"https:\/\/laserenaradio.cl\/web\/wp-json\/wp\/v2\/media?parent=12588"}],"wp:term":[{"taxonomy":"category","embeddable":true,"href":"https:\/\/laserenaradio.cl\/web\/wp-json\/wp\/v2\/categories?post=12588"},{"taxonomy":"post_tag","embeddable":true,"href":"https:\/\/laserenaradio.cl\/web\/wp-json\/wp\/v2\/tags?post=12588"}],"curies":[{"name":"wp","href":"https:\/\/api.w.org\/{rel}","templated":true}]}}