{"id":12582,"date":"2025-03-04T09:52:22","date_gmt":"2025-03-04T12:52:22","guid":{"rendered":"https:\/\/laserenaradio.cl\/web\/?p=12582"},"modified":"2025-03-04T09:52:22","modified_gmt":"2025-03-04T12:52:22","slug":"desalojan-a-familias-en-toma-lajarilla-vina-del-mar","status":"publish","type":"post","link":"https:\/\/laserenaradio.cl\/web\/2025\/03\/04\/desalojan-a-familias-en-toma-lajarilla-vina-del-mar\/","title":{"rendered":"Desalojan a familias en toma Lajarilla, Vi\u00f1a del Mar"},"content":{"rendered":"<p><b>El desalojo de la toma Lajarilla en Vi\u00f1a del Mar, regi\u00f3n de Valpara\u00edso, comenz\u00f3 esta ma\u00f1ana a pesar de los esfuerzos infructuosos de los vecinos para evitarlo<\/b><!--more-->.<\/p>\n<p>Ubicada en el sector de Re\u00f1aca Alto, este asentamiento alberga aproximadamente 90 familias, la mayor\u00eda con nacionalidad extranjera.<\/p>\n<p>Los propios residentes de Lajarilla intentaron manifestarse y presentar una solicitud ante la Corte de Apelaciones para frenar el desalojo, sin embargo, dicha petici\u00f3n fue rechazada.<\/p>\n","protected":false},"excerpt":{"rendered":"<p>El desalojo de la toma Lajarilla en Vi\u00f1a del Mar, regi\u00f3n de Valpara\u00edso, comenz\u00f3 esta ma\u00f1ana a pesar de los esfuerzos infructuosos de los vecinos para evitarlo<\/p>\n","protected":false},"author":2,"featured_media":12581,"comment_status":"closed","ping_status":"open","sticky":false,"template":"","format":"standard","meta":{"_jetpack_memberships_contains_paid_content":false,"jnews-multi-image_gallery":[],"jnews_single_post":[],"jnews_primary_category":[],"jnews_social_meta":[],"jnews_paywall_metabox":[],"jnews_review":[],"enable_review":"","type":"","name":"","summary":"","brand":"","sku":"","good":[],"bad":[],"score_override":"","override_value":"","rating":[],"price":[],"jnews_override_counter":[],"jnews_post_split":[],"footnotes":""},"categories":[21],"tags":[],"class_list":["post-12582","post","type-post","status-publish","format-standard","has-post-thumbnail","hentry","category-nacional"],"jetpack_featured_media_url":"https:\/\/laserenaradio.cl\/web\/wp-content\/uploads\/2025\/03\/homepiaiextractoscrapimg_webpLajarilladesalojotomaMar_0.webp","jetpack_sharing_enabled":true,"_links":{"self":[{"href":"https:\/\/laserenaradio.cl\/web\/wp-json\/wp\/v2\/posts\/12582","targetHints":{"allow":["GET"]}}],"collection":[{"href":"https:\/\/laserenaradio.cl\/web\/wp-json\/wp\/v2\/posts"}],"about":[{"href":"https:\/\/laserenaradio.cl\/web\/wp-json\/wp\/v2\/types\/post"}],"author":[{"embeddable":true,"href":"https:\/\/laserenaradio.cl\/web\/wp-json\/wp\/v2\/users\/2"}],"replies":[{"embeddable":true,"href":"https:\/\/laserenaradio.cl\/web\/wp-json\/wp\/v2\/comments?post=12582"}],"version-history":[{"count":1,"href":"https:\/\/laserenaradio.cl\/web\/wp-json\/wp\/v2\/posts\/12582\/revisions"}],"predecessor-version":[{"id":12583,"href":"https:\/\/laserenaradio.cl\/web\/wp-json\/wp\/v2\/posts\/12582\/revisions\/12583"}],"wp:featuredmedia":[{"embeddable":true,"href":"https:\/\/laserenaradio.cl\/web\/wp-json\/wp\/v2\/media\/12581"}],"wp:attachment":[{"href":"https:\/\/laserenaradio.cl\/web\/wp-json\/wp\/v2\/media?parent=12582"}],"wp:term":[{"taxonomy":"category","embeddable":true,"href":"https:\/\/laserenaradio.cl\/web\/wp-json\/wp\/v2\/categories?post=12582"},{"taxonomy":"post_tag","embeddable":true,"href":"https:\/\/laserenaradio.cl\/web\/wp-json\/wp\/v2\/tags?post=12582"}],"curies":[{"name":"wp","href":"https:\/\/api.w.org\/{rel}","templated":true}]}}