{"id":12579,"date":"2025-03-04T09:46:58","date_gmt":"2025-03-04T12:46:58","guid":{"rendered":"https:\/\/laserenaradio.cl\/web\/?p=12579"},"modified":"2025-03-04T09:46:58","modified_gmt":"2025-03-04T12:46:58","slug":"el-dolar-cierra-con-un-leve-avance-luego-del-anuncio-de-aranceles-a-china-canada-y-mexico","status":"publish","type":"post","link":"https:\/\/laserenaradio.cl\/web\/2025\/03\/04\/el-dolar-cierra-con-un-leve-avance-luego-del-anuncio-de-aranceles-a-china-canada-y-mexico\/","title":{"rendered":"El d\u00f3lar cierra con un leve avance luego del anuncio de aranceles a China, Canad\u00e1 y M\u00e9xico"},"content":{"rendered":"<p><b>El d\u00f3lar inici\u00f3 con un ligero ascenso en el mercado cambiario chileno el martes, gracias a una fuerte ca\u00edda del cobre<\/b><!--more-->.<\/p>\n<p>Este movimiento se produjo tras los recientes aranceles impuestos por Estados Unidos a China, Canad\u00e1 y M\u00e9xico, lo que ha aumentado las preocupaciones sobre posibles tensiones comerciales globales.<\/p>\n<p>En la primera parte de la jornada, el d\u00f3lar se cotizaba a $951,50 con un avance de $0,43, seg\u00fan informaci\u00f3n proporcionada por Bloomberg.<\/p>\n<p>Por su parte, el dollar index mostraba una disminuci\u00f3n del 0,5%, mientras que los futuros del cobre en el mercado Comex registraban una depreciaci\u00f3n del 1,24%, a US$ 4,55 por libra.<\/p>\n<p>La inquietud sobre la posible imposici\u00f3n de aranceles estadounidenses a las importaciones del cobre ha creado un clima cauteloso en el mercado, restringiendo su volatilidad recientemente. Esto refleja el impacto significativo que tiene esta situaci\u00f3n en la econom\u00eda chilena, ya que el cobre es una materia prima crucial y el d\u00f3lar influye directamente en la cotizaci\u00f3n del peso chileno.<\/p>\n<p>Esta combinaci\u00f3n de factores comerciales y monetarios puede generar fluctuaciones importantes en los mercados financieros locales y globales.<\/p>\n","protected":false},"excerpt":{"rendered":"<p>El d\u00f3lar inici\u00f3 con un ligero ascenso en el mercado cambiario chileno el martes, gracias a una fuerte ca\u00edda del cobre<\/p>\n","protected":false},"author":2,"featured_media":12578,"comment_status":"closed","ping_status":"open","sticky":false,"template":"","format":"standard","meta":{"_jetpack_memberships_contains_paid_content":false,"jnews-multi-image_gallery":[],"jnews_single_post":[],"jnews_primary_category":[],"jnews_social_meta":[],"jnews_paywall_metabox":[],"jnews_review":[],"enable_review":"","type":"","name":"","summary":"","brand":"","sku":"","good":[],"bad":[],"score_override":"","override_value":"","rating":[],"price":[],"jnews_override_counter":[],"jnews_post_split":[],"footnotes":""},"categories":[85],"tags":[],"class_list":["post-12579","post","type-post","status-publish","format-standard","has-post-thumbnail","hentry","category-economia"],"jetpack_featured_media_url":"https:\/\/laserenaradio.cl\/web\/wp-content\/uploads\/2025\/03\/homepiaiextractoscrapimg_webpChinaCanada_0.webp","jetpack_sharing_enabled":true,"_links":{"self":[{"href":"https:\/\/laserenaradio.cl\/web\/wp-json\/wp\/v2\/posts\/12579","targetHints":{"allow":["GET"]}}],"collection":[{"href":"https:\/\/laserenaradio.cl\/web\/wp-json\/wp\/v2\/posts"}],"about":[{"href":"https:\/\/laserenaradio.cl\/web\/wp-json\/wp\/v2\/types\/post"}],"author":[{"embeddable":true,"href":"https:\/\/laserenaradio.cl\/web\/wp-json\/wp\/v2\/users\/2"}],"replies":[{"embeddable":true,"href":"https:\/\/laserenaradio.cl\/web\/wp-json\/wp\/v2\/comments?post=12579"}],"version-history":[{"count":1,"href":"https:\/\/laserenaradio.cl\/web\/wp-json\/wp\/v2\/posts\/12579\/revisions"}],"predecessor-version":[{"id":12580,"href":"https:\/\/laserenaradio.cl\/web\/wp-json\/wp\/v2\/posts\/12579\/revisions\/12580"}],"wp:featuredmedia":[{"embeddable":true,"href":"https:\/\/laserenaradio.cl\/web\/wp-json\/wp\/v2\/media\/12578"}],"wp:attachment":[{"href":"https:\/\/laserenaradio.cl\/web\/wp-json\/wp\/v2\/media?parent=12579"}],"wp:term":[{"taxonomy":"category","embeddable":true,"href":"https:\/\/laserenaradio.cl\/web\/wp-json\/wp\/v2\/categories?post=12579"},{"taxonomy":"post_tag","embeddable":true,"href":"https:\/\/laserenaradio.cl\/web\/wp-json\/wp\/v2\/tags?post=12579"}],"curies":[{"name":"wp","href":"https:\/\/api.w.org\/{rel}","templated":true}]}}