{"id":12576,"date":"2025-03-04T09:43:01","date_gmt":"2025-03-04T12:43:01","guid":{"rendered":"https:\/\/laserenaradio.cl\/web\/?p=12576"},"modified":"2025-03-04T09:43:01","modified_gmt":"2025-03-04T12:43:01","slug":"universidad-catolica-espera-superar-mala-racha-en-copa-sudamericana-ante-palestino","status":"publish","type":"post","link":"https:\/\/laserenaradio.cl\/web\/2025\/03\/04\/universidad-catolica-espera-superar-mala-racha-en-copa-sudamericana-ante-palestino\/","title":{"rendered":"Universidad Cat\u00f3lica espera superar mala racha en Copa Sudamericana ante Palestino"},"content":{"rendered":"<p><b>En la fase previa de la Copa Sudamericana 2025, Universidad Cat\u00f3lica enfrentar\u00e1 a Palestino en un eliminatoria a partido \u00fanico<\/b><!--more-->.<\/p>\n<p>Este duelo determinar\u00e1 qui\u00e9n avanza a la ronda de grupos del torneo continental, un objetivo que los cruzados no lograron alcanzar en los \u00faltimos dos a\u00f1os.<\/p>\n<p>El choque se jugar\u00e1 desde las 21:30 horas, como local, a m\u00e1s de 460 kil\u00f3metros de Santiago, en el Francisco S\u00e1nchez Rumoroso de Coquimbo. La UC jugar\u00e1 aqu\u00ed debido a la reconstrucci\u00f3n de su estadio, que estar\u00e1 listo para finales de a\u00f1o.<\/p>\n<p>En 2024, Cat\u00f3lica tambi\u00e9n enfrent\u00f3 este escenario continental ante Coquimbo Unido en Concepci\u00f3n, donde cay\u00f3 por 0-2 y sufri\u00f3 el despido del entrenador Nicol\u00e1s N\u00fa\u00f1ez. El nuevo estratega brasile\u00f1o ahora deber\u00e1 superar esta fase, en la que Universidad Cat\u00f3lica tambi\u00e9n fall\u00f3 en 2023 frente a Audax Italiano (3-2).<\/p>\n<p>Por su parte, Palestino ha incrementado su participaci\u00f3n en competencias internacionales en los \u00faltimos seis a\u00f1os, tanto en Sudamericana como en Libertadores. El equipo tricolor viene de perder por primera vez esta temporada ante Audax Italiano 0-2, mientras que Universidad Cat\u00f3lica gan\u00f3 una victoria m\u00ednima sobre Deportes Iquique en la tercera fecha del campeonato chileno.<\/p>\n<p>Los once titulares de los cruzados estar\u00e1n conformados por Vicente Bernedo; Dylan Escobar, Branco Ampuero, Tom\u00e1s Asta-Buruaga y Cristi\u00e1n Cuevas; Alfred Canales, Jader Gentil, Clemente Montes, Eduard Bello, Agust\u00edn Far\u00edas y Fernando Zampedri. Por su parte, Palestino ser\u00e1 dirigido por Sebasti\u00e1n P\u00e9rez con el siguiente equipo: Sebasti\u00e1n P\u00e9rez; Dylan Z\u00fa\u00f1iga, Antonio Ceza, Cristian Su\u00e1rez, Jason Le\u00f3n; Juli\u00e1n Fern\u00e1ndez, Pablo Parra; Joe Abrigo, Bryan Carrasco, Gonzalo Tapia y Junior Arias.<\/p>\n","protected":false},"excerpt":{"rendered":"<p>En la fase previa de la Copa Sudamericana 2025, Universidad Cat\u00f3lica enfrentar\u00e1 a Palestino en un eliminatoria a partido \u00fanico<\/p>\n","protected":false},"author":2,"featured_media":12575,"comment_status":"closed","ping_status":"open","sticky":false,"template":"","format":"standard","meta":{"_jetpack_memberships_contains_paid_content":false,"jnews-multi-image_gallery":[],"jnews_single_post":[],"jnews_primary_category":[],"jnews_social_meta":[],"jnews_paywall_metabox":[],"jnews_review":[],"enable_review":"","type":"","name":"","summary":"","brand":"","sku":"","good":[],"bad":[],"score_override":"","override_value":"","rating":[],"price":[],"jnews_override_counter":[],"jnews_post_split":[],"footnotes":""},"categories":[84],"tags":[],"class_list":["post-12576","post","type-post","status-publish","format-standard","has-post-thumbnail","hentry","category-deportes"],"jetpack_featured_media_url":"https:\/\/laserenaradio.cl\/web\/wp-content\/uploads\/2025\/03\/homepiaiextractoscrapimg_webpUniversidadPalestinoantefase_0.webp","jetpack_sharing_enabled":true,"_links":{"self":[{"href":"https:\/\/laserenaradio.cl\/web\/wp-json\/wp\/v2\/posts\/12576","targetHints":{"allow":["GET"]}}],"collection":[{"href":"https:\/\/laserenaradio.cl\/web\/wp-json\/wp\/v2\/posts"}],"about":[{"href":"https:\/\/laserenaradio.cl\/web\/wp-json\/wp\/v2\/types\/post"}],"author":[{"embeddable":true,"href":"https:\/\/laserenaradio.cl\/web\/wp-json\/wp\/v2\/users\/2"}],"replies":[{"embeddable":true,"href":"https:\/\/laserenaradio.cl\/web\/wp-json\/wp\/v2\/comments?post=12576"}],"version-history":[{"count":1,"href":"https:\/\/laserenaradio.cl\/web\/wp-json\/wp\/v2\/posts\/12576\/revisions"}],"predecessor-version":[{"id":12577,"href":"https:\/\/laserenaradio.cl\/web\/wp-json\/wp\/v2\/posts\/12576\/revisions\/12577"}],"wp:featuredmedia":[{"embeddable":true,"href":"https:\/\/laserenaradio.cl\/web\/wp-json\/wp\/v2\/media\/12575"}],"wp:attachment":[{"href":"https:\/\/laserenaradio.cl\/web\/wp-json\/wp\/v2\/media?parent=12576"}],"wp:term":[{"taxonomy":"category","embeddable":true,"href":"https:\/\/laserenaradio.cl\/web\/wp-json\/wp\/v2\/categories?post=12576"},{"taxonomy":"post_tag","embeddable":true,"href":"https:\/\/laserenaradio.cl\/web\/wp-json\/wp\/v2\/tags?post=12576"}],"curies":[{"name":"wp","href":"https:\/\/api.w.org\/{rel}","templated":true}]}}