{"id":12573,"date":"2025-03-04T09:38:31","date_gmt":"2025-03-04T12:38:31","guid":{"rendered":"https:\/\/laserenaradio.cl\/web\/?p=12573"},"modified":"2025-03-04T09:38:31","modified_gmt":"2025-03-04T12:38:31","slug":"el-clasico-de-la-libertadores-deportes-iquique-vs-alianza-lima-en-el-tierra-de-campeones","status":"publish","type":"post","link":"https:\/\/laserenaradio.cl\/web\/2025\/03\/04\/el-clasico-de-la-libertadores-deportes-iquique-vs-alianza-lima-en-el-tierra-de-campeones\/","title":{"rendered":"El cl\u00e1sico de la Libertadores: Deportes Iquique vs Alianza Lima en el Tierra de Campeones"},"content":{"rendered":"<p><b>Deportes Iquique recibir\u00e1 a Alianza Lima este martes en un emocionante partido de la fase 3 de la Copa Libertadores<\/b><!--more-->.<\/p>\n<p>El duelo se desarrollar\u00e1 desde las 19:00 horas chilenas, con ambos equipos buscando avanzar a la fase de grupos.<\/p>\n<p>Iquique ha derrotado a Independiente Santa Fe y Boca Juniors, mientras que Alianza Lima tambi\u00e9n demostr\u00f3 fortaleza al vencer a estos mismos rivales.<\/p>\n<p>Iquique llega con un triunfo en penaltis como visitante, una victoria previa que ahora necesita consolidar en su estadio Tierra de Campeones.<\/p>\n<p>El equipo local enfrentar\u00e1 a un Alianza Lima invicto en casa este a\u00f1o, lo que complica las cosas para los chilenos. En tanto, Iquique atraviesa un mal momento en la liga chilena y cierra la serie con una desventaja.<\/p>\n<p>La din\u00e1mica del partido incluir\u00e1 la lucha entre experimentados delanteros: Edson Puch (38 a\u00f1os) y Hern\u00e1n Barcos (40), ambos con historial goleador en el torneo.<\/p>\n<p>El t\u00e9cnico de Alianza Lima, N\u00e9stor Gorosito, debe adaptar su formaci\u00f3n debido a sanciones y lesiones.<\/p>\n<p>El partido ser\u00e1 transmitido por ESPN y Disney+, ofreciendo una cobertura completa del encuentro.<\/p>\n<p>El perdedor continuar\u00e1 participando internacionalmente al entrar en la fase de grupos de la Copa Sudamericana 2025, independientemente del resultado.<\/p>\n<p>La formaci\u00f3n de Iquique incluye a Leandro Requena; Enzo Hoyos, Carlos Rodr\u00edguez, Luis Casanova, Hans Salinas; C\u00e9sar Fuentes, Diego Orellana, Diego Fern\u00e1ndez, Edson Puch; C\u00e9sar Gonz\u00e1lez y Steffan Pino. Por su parte, Alianza Lima estar\u00e1 conformado por Guillermo Viscarra; Guillermo Enrique, Carlos Zambrano, Renzo Garc\u00e9s, Miguel Trauco; Pablo Lavandeira, Jes\u00fas Castillo, Alan Cantero; Kevin Quevedo, Hern\u00e1n Barcos y Eryc Castillo.<\/p>\n<p>Esta confrontaci\u00f3n promete ser intensa, con un marcador crucial para ambos equipos.<\/p>\n","protected":false},"excerpt":{"rendered":"<p>Deportes Iquique recibir\u00e1 a Alianza Lima este martes en un emocionante partido de la fase 3 de la Copa Libertadores<\/p>\n","protected":false},"author":2,"featured_media":12572,"comment_status":"closed","ping_status":"open","sticky":false,"template":"","format":"standard","meta":{"_jetpack_memberships_contains_paid_content":false,"jnews-multi-image_gallery":[],"jnews_single_post":[],"jnews_primary_category":[],"jnews_social_meta":[],"jnews_paywall_metabox":[],"jnews_review":[],"enable_review":"","type":"","name":"","summary":"","brand":"","sku":"","good":[],"bad":[],"score_override":"","override_value":"","rating":[],"price":[],"jnews_override_counter":[],"jnews_post_split":[],"footnotes":""},"categories":[84],"tags":[],"class_list":["post-12573","post","type-post","status-publish","format-standard","has-post-thumbnail","hentry","category-deportes"],"jetpack_featured_media_url":"https:\/\/laserenaradio.cl\/web\/wp-content\/uploads\/2025\/03\/homepiaiextractoscrapimg_webpAlianzaLimaIquiquepartidofase_0.webp","jetpack_sharing_enabled":true,"_links":{"self":[{"href":"https:\/\/laserenaradio.cl\/web\/wp-json\/wp\/v2\/posts\/12573","targetHints":{"allow":["GET"]}}],"collection":[{"href":"https:\/\/laserenaradio.cl\/web\/wp-json\/wp\/v2\/posts"}],"about":[{"href":"https:\/\/laserenaradio.cl\/web\/wp-json\/wp\/v2\/types\/post"}],"author":[{"embeddable":true,"href":"https:\/\/laserenaradio.cl\/web\/wp-json\/wp\/v2\/users\/2"}],"replies":[{"embeddable":true,"href":"https:\/\/laserenaradio.cl\/web\/wp-json\/wp\/v2\/comments?post=12573"}],"version-history":[{"count":1,"href":"https:\/\/laserenaradio.cl\/web\/wp-json\/wp\/v2\/posts\/12573\/revisions"}],"predecessor-version":[{"id":12574,"href":"https:\/\/laserenaradio.cl\/web\/wp-json\/wp\/v2\/posts\/12573\/revisions\/12574"}],"wp:featuredmedia":[{"embeddable":true,"href":"https:\/\/laserenaradio.cl\/web\/wp-json\/wp\/v2\/media\/12572"}],"wp:attachment":[{"href":"https:\/\/laserenaradio.cl\/web\/wp-json\/wp\/v2\/media?parent=12573"}],"wp:term":[{"taxonomy":"category","embeddable":true,"href":"https:\/\/laserenaradio.cl\/web\/wp-json\/wp\/v2\/categories?post=12573"},{"taxonomy":"post_tag","embeddable":true,"href":"https:\/\/laserenaradio.cl\/web\/wp-json\/wp\/v2\/tags?post=12573"}],"curies":[{"name":"wp","href":"https:\/\/api.w.org\/{rel}","templated":true}]}}