{"id":12570,"date":"2025-03-04T09:11:56","date_gmt":"2025-03-04T12:11:56","guid":{"rendered":"https:\/\/laserenaradio.cl\/web\/?p=12570"},"modified":"2025-03-04T09:11:56","modified_gmt":"2025-03-04T12:11:56","slug":"alerta-de-seguridad-por-defecto-critico-en-airbags-bmw","status":"publish","type":"post","link":"https:\/\/laserenaradio.cl\/web\/2025\/03\/04\/alerta-de-seguridad-por-defecto-critico-en-airbags-bmw\/","title":{"rendered":"Alerta de seguridad por defecto cr\u00edtico en airbags BMW"},"content":{"rendered":"<p><b>El <a href=\"https:\/\/www.sernac.cl\/\">Servicio Nacional del Consumidor<\/a> (Sernac) emiti\u00f3 una importante alerta de seguridad despu\u00e9s de recibir un reporte de Williamson Balfour Motors sobre un defecto cr\u00edtico en los airbags de ciertos modelos BMW<\/b><!--more-->.<\/p>\n<p>La falla, vinculada a dispositivos fabricados por Takata, plantea un &#8220;posible riesgo de muerte&#8221; para los ocupantes. En Chile, 2.774 unidades vendidas entre 2008 y 2011 se encuentran bajo advertencia, seg\u00fan La Tercera.<\/p>\n<p>Los modelos afectados son Serie 1, Serie 3, X1 y X3.<\/p>\n<p>El problema radica en el generador de gas del airbag del conductor, cuyo deterioro por envejecimiento podr\u00eda causar un mal funcionamiento. La alerta se\u00f1ala que, en caso de accidente, el airbag defectuoso podr\u00eda activarse de forma explosiva. Las piezas met\u00e1licas del generador de gas pueden romperse y convertirse en proyectiles, lo cual puede provocar laceraciones graves o incluso la muerte.<\/p>\n<p>Aunque en Chile no se han registrado incidentes relacionados, el panorama global es alarmante: 20 fallecidos a nivel mundial, incluido un caso en Brasil en febrero de 2020. La v\u00edctima brasile\u00f1a muri\u00f3 tras impactar con fragmentos del airbag durante un siniestro vial.<\/p>\n<p>Williamson Balfour Motors, representante de BMW en el pa\u00eds, notific\u00f3 al Sernac despu\u00e9s de identificar el defecto en los modelos mencionados. La empresa asegura que los reparos ser\u00e1n gratuitos para los clientes afectados.<\/p>\n<p>Sernac insta a los due\u00f1os de los veh\u00edculos a verificar si su auto est\u00e1 incluido en la alerta, recomendando ingresar el n\u00famero de chasis en el sitio web oficial de la marca o contactar directamente con los talleres autorizados.<\/p>\n","protected":false},"excerpt":{"rendered":"<p>El Servicio Nacional del Consumidor (Sernac) emiti\u00f3 una importante alerta de seguridad despu\u00e9s de recibir un reporte de Williamson Balfour Motors sobre un defecto cr\u00edtico en los airbags de ciertos modelos BMW<\/p>\n","protected":false},"author":2,"featured_media":12569,"comment_status":"closed","ping_status":"open","sticky":false,"template":"","format":"standard","meta":{"_jetpack_memberships_contains_paid_content":false,"jnews-multi-image_gallery":[],"jnews_single_post":[],"jnews_primary_category":[],"jnews_social_meta":[],"jnews_paywall_metabox":[],"jnews_review":[],"enable_review":"","type":"","name":"","summary":"","brand":"","sku":"","good":[],"bad":[],"score_override":"","override_value":"","rating":[],"price":[],"jnews_override_counter":[],"jnews_post_split":[],"footnotes":""},"categories":[21],"tags":[],"class_list":["post-12570","post","type-post","status-publish","format-standard","has-post-thumbnail","hentry","category-nacional"],"jetpack_featured_media_url":"https:\/\/laserenaradio.cl\/web\/wp-content\/uploads\/2025\/03\/homepiaiextractoscrapimg_webpAlertaBMW_0.webp","jetpack_sharing_enabled":true,"_links":{"self":[{"href":"https:\/\/laserenaradio.cl\/web\/wp-json\/wp\/v2\/posts\/12570","targetHints":{"allow":["GET"]}}],"collection":[{"href":"https:\/\/laserenaradio.cl\/web\/wp-json\/wp\/v2\/posts"}],"about":[{"href":"https:\/\/laserenaradio.cl\/web\/wp-json\/wp\/v2\/types\/post"}],"author":[{"embeddable":true,"href":"https:\/\/laserenaradio.cl\/web\/wp-json\/wp\/v2\/users\/2"}],"replies":[{"embeddable":true,"href":"https:\/\/laserenaradio.cl\/web\/wp-json\/wp\/v2\/comments?post=12570"}],"version-history":[{"count":1,"href":"https:\/\/laserenaradio.cl\/web\/wp-json\/wp\/v2\/posts\/12570\/revisions"}],"predecessor-version":[{"id":12571,"href":"https:\/\/laserenaradio.cl\/web\/wp-json\/wp\/v2\/posts\/12570\/revisions\/12571"}],"wp:featuredmedia":[{"embeddable":true,"href":"https:\/\/laserenaradio.cl\/web\/wp-json\/wp\/v2\/media\/12569"}],"wp:attachment":[{"href":"https:\/\/laserenaradio.cl\/web\/wp-json\/wp\/v2\/media?parent=12570"}],"wp:term":[{"taxonomy":"category","embeddable":true,"href":"https:\/\/laserenaradio.cl\/web\/wp-json\/wp\/v2\/categories?post=12570"},{"taxonomy":"post_tag","embeddable":true,"href":"https:\/\/laserenaradio.cl\/web\/wp-json\/wp\/v2\/tags?post=12570"}],"curies":[{"name":"wp","href":"https:\/\/api.w.org\/{rel}","templated":true}]}}