{"id":12564,"date":"2025-03-04T08:10:02","date_gmt":"2025-03-04T11:10:02","guid":{"rendered":"https:\/\/laserenaradio.cl\/web\/?p=12564"},"modified":"2025-03-04T08:10:02","modified_gmt":"2025-03-04T11:10:02","slug":"gobierno-fija-fecha-de-inicio-de-funciones-del-nuevo-ministerio-de-seguridad-publica","status":"publish","type":"post","link":"https:\/\/laserenaradio.cl\/web\/2025\/03\/04\/gobierno-fija-fecha-de-inicio-de-funciones-del-nuevo-ministerio-de-seguridad-publica\/","title":{"rendered":"Gobierno fija fecha de inicio de funciones del nuevo Ministerio de Seguridad P\u00fablica"},"content":{"rendered":"<p><b>Con la intervenci\u00f3n de la Contralor\u00eda General de la Rep\u00fablica, el gobierno confirm\u00f3 recientemente la fecha inicial para las funciones del nuevo Ministerio de Seguridad P\u00fablica<\/b><!--more-->.<\/p>\n<p>Esta noticia se suma a los cambios en el <a href=\"https:\/\/www.interior.gob.cl\/\">Ministerio del Interior<\/a>, que ahora operar\u00e1 con renovadas responsabilidades.<\/p>\n<p>Seg\u00fan informes oficiales desde La Moneda, estos decretos de reorganizaci\u00f3n gubernamental se trataron en un &#8220;plazo r\u00e9cord&#8221;, ingresados durante febrero pasado. El nuevo ministerio puede iniciar sus funciones el pr\u00f3ximo 1 de abril o a partir del primer d\u00eda posterior a la publicaci\u00f3n del decreto en el Diario Oficial. La designaci\u00f3n de las autoridades, incluyendo al ministro o ministra de Seguridad P\u00fablica, corresponde exclusivamente al Presidente Gabriel Boric.<\/p>\n<p>El edificio ubicado en Teatinos 220, junto a La Moneda, fue seleccionado para acoger los nuevos gabinetes del Ministerio de Seguridad P\u00fablica. Este espacio ser\u00e1 crucial para consolidar el ministerio en un solo recinto y es la heredera de oficinas antiguas de un banco. En esta instalaci\u00f3n se instalar\u00e1n las oficinas del ministro o ministra de Seguridad P\u00fablica, as\u00ed como las subsecretar\u00edas de Seguridad P\u00fablica y Prevenci\u00f3n del Delito.<\/p>\n<p>Adem\u00e1s, llegar\u00e1 a formar parte de la Agencia de Ciberseguridad, creada seg\u00fan la Ley de Ciberseguridad del 2024.<\/p>\n<p>El plan incluye dos etapas para la ocupaci\u00f3n total del edificio: primero, tres pisos ser\u00e1n arrendados y se habilitar\u00e1n en marzo pr\u00f3ximo. La segunda fase contempla el resto de los pisos, donde se instalar\u00e1 la subsecretar\u00eda de Prevenci\u00f3n del Delito y otras dependencias.<\/p>\n<p>Este desarrollo refleja un avance significativo en la reforma administrativa y org\u00e1nica del gobierno, orientado a mejorar la coordinaci\u00f3n y eficiencia entre las distintas \u00e1reas de seguridad p\u00fablica.<\/p>\n","protected":false},"excerpt":{"rendered":"<p>Con la intervenci\u00f3n de la Contralor\u00eda General de la Rep\u00fablica, el gobierno confirm\u00f3 recientemente la fecha inicial para las funciones del nuevo Ministerio de Seguridad P\u00fablica<\/p>\n","protected":false},"author":2,"featured_media":12563,"comment_status":"closed","ping_status":"open","sticky":false,"template":"","format":"standard","meta":{"_jetpack_memberships_contains_paid_content":false,"jnews-multi-image_gallery":[],"jnews_single_post":[],"jnews_primary_category":[],"jnews_social_meta":[],"jnews_paywall_metabox":[],"jnews_review":[],"enable_review":"","type":"","name":"","summary":"","brand":"","sku":"","good":[],"bad":[],"score_override":"","override_value":"","rating":[],"price":[],"jnews_override_counter":[],"jnews_post_split":[],"footnotes":""},"categories":[21],"tags":[],"class_list":["post-12564","post","type-post","status-publish","format-standard","has-post-thumbnail","hentry","category-nacional"],"jetpack_featured_media_url":"https:\/\/laserenaradio.cl\/web\/wp-content\/uploads\/2025\/03\/homepiaiextractoscrapimg_predeterminadalaserenaradio_nacional-3.webp","jetpack_sharing_enabled":true,"_links":{"self":[{"href":"https:\/\/laserenaradio.cl\/web\/wp-json\/wp\/v2\/posts\/12564","targetHints":{"allow":["GET"]}}],"collection":[{"href":"https:\/\/laserenaradio.cl\/web\/wp-json\/wp\/v2\/posts"}],"about":[{"href":"https:\/\/laserenaradio.cl\/web\/wp-json\/wp\/v2\/types\/post"}],"author":[{"embeddable":true,"href":"https:\/\/laserenaradio.cl\/web\/wp-json\/wp\/v2\/users\/2"}],"replies":[{"embeddable":true,"href":"https:\/\/laserenaradio.cl\/web\/wp-json\/wp\/v2\/comments?post=12564"}],"version-history":[{"count":1,"href":"https:\/\/laserenaradio.cl\/web\/wp-json\/wp\/v2\/posts\/12564\/revisions"}],"predecessor-version":[{"id":12565,"href":"https:\/\/laserenaradio.cl\/web\/wp-json\/wp\/v2\/posts\/12564\/revisions\/12565"}],"wp:featuredmedia":[{"embeddable":true,"href":"https:\/\/laserenaradio.cl\/web\/wp-json\/wp\/v2\/media\/12563"}],"wp:attachment":[{"href":"https:\/\/laserenaradio.cl\/web\/wp-json\/wp\/v2\/media?parent=12564"}],"wp:term":[{"taxonomy":"category","embeddable":true,"href":"https:\/\/laserenaradio.cl\/web\/wp-json\/wp\/v2\/categories?post=12564"},{"taxonomy":"post_tag","embeddable":true,"href":"https:\/\/laserenaradio.cl\/web\/wp-json\/wp\/v2\/tags?post=12564"}],"curies":[{"name":"wp","href":"https:\/\/api.w.org\/{rel}","templated":true}]}}