{"id":12483,"date":"2025-03-02T23:55:09","date_gmt":"2025-03-03T02:55:09","guid":{"rendered":"https:\/\/laserenaradio.cl\/web\/?p=12483"},"modified":"2025-03-02T23:55:09","modified_gmt":"2025-03-03T02:55:09","slug":"angelo-henriquez-volvera-a-chile-con-deportes-la-serena","status":"publish","type":"post","link":"https:\/\/laserenaradio.cl\/web\/2025\/03\/02\/angelo-henriquez-volvera-a-chile-con-deportes-la-serena\/","title":{"rendered":"\u00c1ngelo Henr\u00edquez volver\u00e1 a Chile con Deportes La Serena"},"content":{"rendered":"<p><b>El delantero formado en U de Chile, \u00c1ngelo Henr\u00edquez, pone fin a su aventura en el f\u00fatbol griego y se dirige al equipo chileno Deportes La Serena para reforzar sus filas.<\/b><!--more-->.<\/p>\n<p>El atacante, de 30 a\u00f1os, busca retomar la confianza tras una temporada compleja en Grecia y aprovecha esta oportunidad para regresar a su pa\u00eds.<\/p>\n<p>Henr\u00edquez ya hab\u00eda experimentado el f\u00fatbol chileno anteriormente, donde tuvo que lidiar con el descenso de los azules. Ahora, listo para su nueva camiseta, se prepara para jugar en la Primera Divisi\u00f3n con Deportes La Serena, un equipo que necesita un goleador despu\u00e9s de la lesi\u00f3n de Esteban Moreira.<\/p>\n<p>El regreso del jugador, conocido por sus pasos en Manchester United, es confirmado por el periodista Marcelo Mu\u00f1oz.<\/p>\n<p>Henr\u00edquez se convierte en una pieza clave para Deportes La Serena, ocupando probablemente la posici\u00f3n de \u201c9\u201d junto a Erwin Dur\u00e1n.<\/p>\n<p>A pesar de que a\u00fan no est\u00e1 lista para jugar la pr\u00f3xima fecha ante O\u2019Higgins, esta incorporaci\u00f3n se anticipa como un cambio positivo para el equipo.<\/p>\n<p>El fichaje de \u00c1ngelo Henr\u00edquez marca el inicio de una nueva etapa en su carrera y en las aspiraciones del reci\u00e9n ascendido a Primera Divisi\u00f3n.<\/p>\n","protected":false},"excerpt":{"rendered":"<p>El delantero formado en U de Chile, \u00c1ngelo Henr\u00edquez, pone fin a su aventura en el f\u00fatbol griego y se dirige al equipo chileno Deportes La Serena para reforzar sus filas.<\/p>\n","protected":false},"author":2,"featured_media":12482,"comment_status":"closed","ping_status":"open","sticky":false,"template":"","format":"standard","meta":{"_jetpack_memberships_contains_paid_content":false,"jnews-multi-image_gallery":[],"jnews_single_post":[],"jnews_primary_category":[],"jnews_social_meta":[],"jnews_paywall_metabox":[],"jnews_review":[],"enable_review":"","type":"","name":"","summary":"","brand":"","sku":"","good":[],"bad":[],"score_override":"","override_value":"","rating":[],"price":[],"jnews_override_counter":[],"jnews_post_split":[],"footnotes":""},"categories":[84],"tags":[],"class_list":["post-12483","post","type-post","status-publish","format-standard","has-post-thumbnail","hentry","category-deportes"],"jetpack_featured_media_url":"https:\/\/laserenaradio.cl\/web\/wp-content\/uploads\/2025\/03\/homepiaiextractoscrapimg_webpAngeloHenriquez_0.webp","jetpack_sharing_enabled":true,"_links":{"self":[{"href":"https:\/\/laserenaradio.cl\/web\/wp-json\/wp\/v2\/posts\/12483","targetHints":{"allow":["GET"]}}],"collection":[{"href":"https:\/\/laserenaradio.cl\/web\/wp-json\/wp\/v2\/posts"}],"about":[{"href":"https:\/\/laserenaradio.cl\/web\/wp-json\/wp\/v2\/types\/post"}],"author":[{"embeddable":true,"href":"https:\/\/laserenaradio.cl\/web\/wp-json\/wp\/v2\/users\/2"}],"replies":[{"embeddable":true,"href":"https:\/\/laserenaradio.cl\/web\/wp-json\/wp\/v2\/comments?post=12483"}],"version-history":[{"count":1,"href":"https:\/\/laserenaradio.cl\/web\/wp-json\/wp\/v2\/posts\/12483\/revisions"}],"predecessor-version":[{"id":12484,"href":"https:\/\/laserenaradio.cl\/web\/wp-json\/wp\/v2\/posts\/12483\/revisions\/12484"}],"wp:featuredmedia":[{"embeddable":true,"href":"https:\/\/laserenaradio.cl\/web\/wp-json\/wp\/v2\/media\/12482"}],"wp:attachment":[{"href":"https:\/\/laserenaradio.cl\/web\/wp-json\/wp\/v2\/media?parent=12483"}],"wp:term":[{"taxonomy":"category","embeddable":true,"href":"https:\/\/laserenaradio.cl\/web\/wp-json\/wp\/v2\/categories?post=12483"},{"taxonomy":"post_tag","embeddable":true,"href":"https:\/\/laserenaradio.cl\/web\/wp-json\/wp\/v2\/tags?post=12483"}],"curies":[{"name":"wp","href":"https:\/\/api.w.org\/{rel}","templated":true}]}}