{"id":12480,"date":"2025-03-02T23:00:42","date_gmt":"2025-03-03T02:00:42","guid":{"rendered":"https:\/\/laserenaradio.cl\/web\/?p=12480"},"modified":"2025-03-02T23:00:42","modified_gmt":"2025-03-03T02:00:42","slug":"arturo-vidal-hablo-sobre-la-dura-derrota-de-colo-colo-ante-huachipato","status":"publish","type":"post","link":"https:\/\/laserenaradio.cl\/web\/2025\/03\/02\/arturo-vidal-hablo-sobre-la-dura-derrota-de-colo-colo-ante-huachipato\/","title":{"rendered":"Arturo Vidal habl\u00f3 sobre la dura derrota de Colo Colo ante Huachipato"},"content":{"rendered":"<p><b>Arturo Vidal, mediocampista y exjugador de renombre, reaccion\u00f3 a la dif\u00edcil derrota de Colo Colo ante Huachipato tras su lesi\u00f3n en el partido correspondiente a la tercera fecha de la Liga de Primera 2025<\/b><!--more-->.<\/p>\n<p>El \u2018King\u2019 lanz\u00f3 un video en TikTok donde lament\u00f3 la p\u00e9rdida y defendi\u00f3 a sus compa\u00f1eros, pidiendo paciencia a los hinchas.<\/p>\n<p>\u201cTermin\u00f3 el partido, enojado por el resultado, creo que no merec\u00edamos perder. Pero bueno, el f\u00fatbol es as\u00ed, el que mete m\u00e1s goles gana, as\u00ed que nada, esperar de que mis compa\u00f1eros est\u00e9n tranquilos nom\u00e1s, que la gente tambi\u00e9n siga apoyando\u201d, expres\u00f3 Vidal.<\/p>\n<p>El exjugador de Juventus, FC Barcelona y Bayern M\u00fanich tambi\u00e9n critic\u00f3 la decisi\u00f3n del penal en favor de Huachipato.<\/p>\n<p>\u201cOjal\u00e1 que no se pongan a hablar mierda despu\u00e9s de lo del penal, que como siempre, todo el mundo habla cuando a Colo Colo le cobran. Ojal\u00e1 se fijen en el 1-1 de Huachipato, que el hue\u00f3n que empuja al Alan (Saldivia) est\u00e1 fuera de juego, pero ah\u00ed nadie va a hablar de eso, nadie va a hablar de eso\u201d, se\u00f1al\u00f3 con frustraci\u00f3n.<\/p>\n<p>Vidal, quien tambi\u00e9n ha jugado para Inter de Mil\u00e1n y Flamengo, concluy\u00f3 su mensaje: \u201cY nada, se perdi\u00f3 nom\u00e1s, se perdi\u00f3, a descansar, vienen partidos muy importantes de aqu\u00ed en adelante y a seguir mejorando. Creo que este a\u00f1o son muchas cosas las que tenemos que pelear y lograr, as\u00ed que solo queda trabajar duro nom\u00e1s y seguir entrenando\u201d.<\/p>\n<p>\u201cQueda much\u00edsimo, como el a\u00f1o pasado, no es como se empieza, es como se termina\u201d, finaliz\u00f3 el bicampe\u00f3n de Am\u00e9rica con La Roja.<\/p>\n","protected":false},"excerpt":{"rendered":"<p>Arturo Vidal, mediocampista y exjugador de renombre, reaccion\u00f3 a la dif\u00edcil derrota de Colo Colo ante Huachipato tras su lesi\u00f3n en el partido correspondiente a la tercera fecha de la Liga de Primera 2025<\/p>\n","protected":false},"author":2,"featured_media":12479,"comment_status":"closed","ping_status":"open","sticky":false,"template":"","format":"standard","meta":{"_jetpack_memberships_contains_paid_content":false,"jnews-multi-image_gallery":[],"jnews_single_post":[],"jnews_primary_category":[],"jnews_social_meta":[],"jnews_paywall_metabox":[],"jnews_review":[],"enable_review":"","type":"","name":"","summary":"","brand":"","sku":"","good":[],"bad":[],"score_override":"","override_value":"","rating":[],"price":[],"jnews_override_counter":[],"jnews_post_split":[],"footnotes":""},"categories":[84],"tags":[],"class_list":["post-12480","post","type-post","status-publish","format-standard","has-post-thumbnail","hentry","category-deportes"],"jetpack_featured_media_url":"https:\/\/laserenaradio.cl\/web\/wp-content\/uploads\/2025\/03\/homepiaiextractoscrapimg_webpArturoVidal_1.webp","jetpack_sharing_enabled":true,"_links":{"self":[{"href":"https:\/\/laserenaradio.cl\/web\/wp-json\/wp\/v2\/posts\/12480","targetHints":{"allow":["GET"]}}],"collection":[{"href":"https:\/\/laserenaradio.cl\/web\/wp-json\/wp\/v2\/posts"}],"about":[{"href":"https:\/\/laserenaradio.cl\/web\/wp-json\/wp\/v2\/types\/post"}],"author":[{"embeddable":true,"href":"https:\/\/laserenaradio.cl\/web\/wp-json\/wp\/v2\/users\/2"}],"replies":[{"embeddable":true,"href":"https:\/\/laserenaradio.cl\/web\/wp-json\/wp\/v2\/comments?post=12480"}],"version-history":[{"count":1,"href":"https:\/\/laserenaradio.cl\/web\/wp-json\/wp\/v2\/posts\/12480\/revisions"}],"predecessor-version":[{"id":12481,"href":"https:\/\/laserenaradio.cl\/web\/wp-json\/wp\/v2\/posts\/12480\/revisions\/12481"}],"wp:featuredmedia":[{"embeddable":true,"href":"https:\/\/laserenaradio.cl\/web\/wp-json\/wp\/v2\/media\/12479"}],"wp:attachment":[{"href":"https:\/\/laserenaradio.cl\/web\/wp-json\/wp\/v2\/media?parent=12480"}],"wp:term":[{"taxonomy":"category","embeddable":true,"href":"https:\/\/laserenaradio.cl\/web\/wp-json\/wp\/v2\/categories?post=12480"},{"taxonomy":"post_tag","embeddable":true,"href":"https:\/\/laserenaradio.cl\/web\/wp-json\/wp\/v2\/tags?post=12480"}],"curies":[{"name":"wp","href":"https:\/\/api.w.org\/{rel}","templated":true}]}}