{"id":12474,"date":"2025-03-02T22:53:09","date_gmt":"2025-03-03T01:53:09","guid":{"rendered":"https:\/\/laserenaradio.cl\/web\/?p=12474"},"modified":"2025-03-02T22:53:09","modified_gmt":"2025-03-03T01:53:09","slug":"la-popularidad-del-presidente-gabriel-boric-cae-en-marzo","status":"publish","type":"post","link":"https:\/\/laserenaradio.cl\/web\/2025\/03\/02\/la-popularidad-del-presidente-gabriel-boric-cae-en-marzo\/","title":{"rendered":"La popularidad del Presidente Gabriel Boric cae en marzo"},"content":{"rendered":"<p><b>El Presidente Gabriel Boric enfrenta desaf\u00edos significativos en su primer trimestre de gobierno, con una aprobaci\u00f3n del 29%, lo que representa un retroceso de 4 puntos porcentuales respecto al a\u00f1o pasado<\/b><!--more-->.<\/p>\n<p>La desaprobaci\u00f3n se sit\u00faa en el 64% (-2 puntos), seg\u00fan la \u00faltima encuesta Plaza P\u00fablica Cadem, realizada entre el \u00faltimo mi\u00e9rcoles y viernes a 702 personas tras 6.896 llamados con una tasa de respuesta del 10,2%. La tendencia ha persistido en lo que va del a\u00f1o 2025, mostrando un piso de desaprobaci\u00f3n del 62% y 64%.<\/p>\n<p>En cuanto a sus acciones m\u00e1s recientes, la encuesta destac\u00f3 una controversia relacionada con el megacorte el\u00e9ctrico que afect\u00f3 gran parte de Chile. Un 68% de los encuestados crey\u00f3 que se trat\u00f3 de un ataque terrorista o cibern\u00e9tico, reflejando preocupaciones importantes entre la poblaci\u00f3n.<\/p>\n<p>El estudio tambi\u00e9n revela que el 79% de los chilenos siente que el pa\u00eds no est\u00e1 preparado para enfrentar una crisis similar. Al respecto, un 42% considera que su hogar carece de preparaci\u00f3n adecuada, mientras que el 33% cree lo contrario.<\/p>\n<p>Sobre la responsabilidad en este evento, el 39% apunta a las empresas, aunque otro 39% ve responsabilidades compartidas entre ellas y el Estado.<\/p>\n","protected":false},"excerpt":{"rendered":"<p>El Presidente Gabriel Boric enfrenta desaf\u00edos significativos en su primer trimestre de gobierno, con una aprobaci\u00f3n del 29%, lo que representa un retroceso de 4 puntos porcentuales respecto al a\u00f1o pasado<\/p>\n","protected":false},"author":2,"featured_media":12473,"comment_status":"closed","ping_status":"open","sticky":false,"template":"","format":"standard","meta":{"_jetpack_memberships_contains_paid_content":false,"jnews-multi-image_gallery":[],"jnews_single_post":[],"jnews_primary_category":[],"jnews_social_meta":[],"jnews_paywall_metabox":[],"jnews_review":[],"enable_review":"","type":"","name":"","summary":"","brand":"","sku":"","good":[],"bad":[],"score_override":"","override_value":"","rating":[],"price":[],"jnews_override_counter":[],"jnews_post_split":[],"footnotes":""},"categories":[83],"tags":[],"class_list":["post-12474","post","type-post","status-publish","format-standard","has-post-thumbnail","hentry","category-politica"],"jetpack_featured_media_url":"https:\/\/laserenaradio.cl\/web\/wp-content\/uploads\/2025\/03\/homepiaiextractoscrapimg_webpPresidenteGabriel_1.webp","jetpack_sharing_enabled":true,"_links":{"self":[{"href":"https:\/\/laserenaradio.cl\/web\/wp-json\/wp\/v2\/posts\/12474","targetHints":{"allow":["GET"]}}],"collection":[{"href":"https:\/\/laserenaradio.cl\/web\/wp-json\/wp\/v2\/posts"}],"about":[{"href":"https:\/\/laserenaradio.cl\/web\/wp-json\/wp\/v2\/types\/post"}],"author":[{"embeddable":true,"href":"https:\/\/laserenaradio.cl\/web\/wp-json\/wp\/v2\/users\/2"}],"replies":[{"embeddable":true,"href":"https:\/\/laserenaradio.cl\/web\/wp-json\/wp\/v2\/comments?post=12474"}],"version-history":[{"count":1,"href":"https:\/\/laserenaradio.cl\/web\/wp-json\/wp\/v2\/posts\/12474\/revisions"}],"predecessor-version":[{"id":12475,"href":"https:\/\/laserenaradio.cl\/web\/wp-json\/wp\/v2\/posts\/12474\/revisions\/12475"}],"wp:featuredmedia":[{"embeddable":true,"href":"https:\/\/laserenaradio.cl\/web\/wp-json\/wp\/v2\/media\/12473"}],"wp:attachment":[{"href":"https:\/\/laserenaradio.cl\/web\/wp-json\/wp\/v2\/media?parent=12474"}],"wp:term":[{"taxonomy":"category","embeddable":true,"href":"https:\/\/laserenaradio.cl\/web\/wp-json\/wp\/v2\/categories?post=12474"},{"taxonomy":"post_tag","embeddable":true,"href":"https:\/\/laserenaradio.cl\/web\/wp-json\/wp\/v2\/tags?post=12474"}],"curies":[{"name":"wp","href":"https:\/\/api.w.org\/{rel}","templated":true}]}}