{"id":12471,"date":"2025-03-02T20:35:37","date_gmt":"2025-03-02T23:35:37","guid":{"rendered":"https:\/\/laserenaradio.cl\/web\/?p=12471"},"modified":"2025-03-02T20:35:37","modified_gmt":"2025-03-02T23:35:37","slug":"el-bichi-vuelve-claudio-borghi-suma-su-experiencia-en-el-comite-asesor-de-argentinos-juniors","status":"publish","type":"post","link":"https:\/\/laserenaradio.cl\/web\/2025\/03\/02\/el-bichi-vuelve-claudio-borghi-suma-su-experiencia-en-el-comite-asesor-de-argentinos-juniors\/","title":{"rendered":"El &#8216;Bichi&#8217; vuelve: Claudio Borghi suma su experiencia en el Comit\u00e9 Asesor de Argentinos Juniors"},"content":{"rendered":"<p><b>Tras un extenso periplo como comentarista deportivo en TNT Sports, Claudio Borghi, el argentino-chileno de 60 a\u00f1os, vuelve al mundo del f\u00fatbol a trav\u00e9s de una &#8216;vieja pasi\u00f3n&#8217;<\/b><!--more-->.<\/p>\n<p>Este domingo, fue anunciado oficialmente como miembro del Comit\u00e9 Asesor de Argentinos Juniors, el club que lo vio nacer como jugador y donde dirigi\u00f3 con \u00e9xito, ganando el Torneo Clausura 2010.<\/p>\n<p>El &#8216;Bichi&#8217;, conocido por su trabajo anterior en Colo Colo, La Roja, y los &#8216;Bichos Colorados&#8217;, se unir\u00e1 a Adri\u00e1n Domenech y Enrique Vidall\u00e9, otros \u00edconos hist\u00f3ricos del equipo de La Paternal. Su rol ser\u00e1 colaborar en las decisiones clave del club, especialmente para potenciar las distintas \u00e1reas de la instituci\u00f3n.<\/p>\n<p>&#8220;En un nuevo esfuerzo por contribuir al crecimiento del club, Argentinos Juniors presenta con orgullo al Comit\u00e9 Asesor, dirigido por Ra\u00fal Sanzotti. Los miembros del comit\u00e9 acompa\u00f1ar\u00e1n y participar\u00e1n activamente en las decisiones que buscan potenciar el \u00e1rea de captaci\u00f3n, desarrollo humano y futbol\u00edstico&#8221;, indic\u00f3 la tienda donde surgi\u00f3 Diego Maradona.<\/p>\n<p>La oficializaci\u00f3n se llevar\u00e1 a cabo este lunes 3 de marzo, desde las 14 horas, en el Centro de F\u00fatbol Profesional.<\/p>\n<p>Durante el evento, que podr\u00e1 seguirse a trav\u00e9s de las redes sociales del club, se compartir\u00e1n m\u00e1s detalles sobre los objetivos y roles que cumple cada miembro del Comit\u00e9 Asesor.<\/p>\n","protected":false},"excerpt":{"rendered":"<p>Tras un extenso periplo como comentarista deportivo en TNT Sports, Claudio Borghi, el argentino-chileno de 60 a\u00f1os, vuelve al mundo del f\u00fatbol a trav\u00e9s de una &#8216;vieja pasi\u00f3n&#8217;<\/p>\n","protected":false},"author":2,"featured_media":12470,"comment_status":"closed","ping_status":"open","sticky":false,"template":"","format":"standard","meta":{"_jetpack_memberships_contains_paid_content":false,"jnews-multi-image_gallery":[],"jnews_single_post":[],"jnews_primary_category":[],"jnews_social_meta":[],"jnews_paywall_metabox":[],"jnews_review":[],"enable_review":"","type":"","name":"","summary":"","brand":"","sku":"","good":[],"bad":[],"score_override":"","override_value":"","rating":[],"price":[],"jnews_override_counter":[],"jnews_post_split":[],"footnotes":""},"categories":[84],"tags":[],"class_list":["post-12471","post","type-post","status-publish","format-standard","has-post-thumbnail","hentry","category-deportes"],"jetpack_featured_media_url":"https:\/\/laserenaradio.cl\/web\/wp-content\/uploads\/2025\/03\/homepiaiextractoscrapimg_webpAsesorclubArgentinosJuniorsClaudioBorghi_1.webp","jetpack_sharing_enabled":true,"_links":{"self":[{"href":"https:\/\/laserenaradio.cl\/web\/wp-json\/wp\/v2\/posts\/12471","targetHints":{"allow":["GET"]}}],"collection":[{"href":"https:\/\/laserenaradio.cl\/web\/wp-json\/wp\/v2\/posts"}],"about":[{"href":"https:\/\/laserenaradio.cl\/web\/wp-json\/wp\/v2\/types\/post"}],"author":[{"embeddable":true,"href":"https:\/\/laserenaradio.cl\/web\/wp-json\/wp\/v2\/users\/2"}],"replies":[{"embeddable":true,"href":"https:\/\/laserenaradio.cl\/web\/wp-json\/wp\/v2\/comments?post=12471"}],"version-history":[{"count":1,"href":"https:\/\/laserenaradio.cl\/web\/wp-json\/wp\/v2\/posts\/12471\/revisions"}],"predecessor-version":[{"id":12472,"href":"https:\/\/laserenaradio.cl\/web\/wp-json\/wp\/v2\/posts\/12471\/revisions\/12472"}],"wp:featuredmedia":[{"embeddable":true,"href":"https:\/\/laserenaradio.cl\/web\/wp-json\/wp\/v2\/media\/12470"}],"wp:attachment":[{"href":"https:\/\/laserenaradio.cl\/web\/wp-json\/wp\/v2\/media?parent=12471"}],"wp:term":[{"taxonomy":"category","embeddable":true,"href":"https:\/\/laserenaradio.cl\/web\/wp-json\/wp\/v2\/categories?post=12471"},{"taxonomy":"post_tag","embeddable":true,"href":"https:\/\/laserenaradio.cl\/web\/wp-json\/wp\/v2\/tags?post=12471"}],"curies":[{"name":"wp","href":"https:\/\/api.w.org\/{rel}","templated":true}]}}