{"id":12468,"date":"2025-03-02T19:59:37","date_gmt":"2025-03-02T22:59:37","guid":{"rendered":"https:\/\/laserenaradio.cl\/web\/?p=12468"},"modified":"2025-03-02T19:59:37","modified_gmt":"2025-03-02T22:59:37","slug":"cancelacion-del-concierto-de-shakira-latam-ofrece-flexibilidad-a-pasajeros-afectados","status":"publish","type":"post","link":"https:\/\/laserenaradio.cl\/web\/2025\/03\/02\/cancelacion-del-concierto-de-shakira-latam-ofrece-flexibilidad-a-pasajeros-afectados\/","title":{"rendered":"Cancelaci\u00f3n del concierto de Shakira: Latam ofrece flexibilidad a pasajeros afectados"},"content":{"rendered":"<p><b>La cancelaci\u00f3n del concierto de Shakira en el Estadio Nacional, programado para hoy domingo 2 de marzo, ha generado gran inter\u00e9s y debate entre los fans<\/b><!--more-->.<\/p>\n<p>Fenix Entertainment, productora de \u201cLas Mujeres Ya No Lloran\u201d, inform\u00f3 que se enfrentaron a &#8220;inconvenientes t\u00e9cnicos&#8221; que no estaban relacionados con la artista ni su equipo, debido al desnivel del terreno bajo el escenario.<\/p>\n<p>Esta producci\u00f3n, considerada una de las m\u00e1s grandes del mundo y sin precedentes en Am\u00e9rica Latina, se vio afectada por estos problemas t\u00e9cnicos.<\/p>\n<p>El concierto, conocido como \u201cLas Mujeres Ya No Lloran\u201d, cuenta con un equipo humano especializado que garantiza la calidad de los shows.<\/p>\n<p>En respuesta a esta situaci\u00f3n inesperada, LATAM Chile ha ofrecido una flexibilidad adicional a sus pasajeros.<\/p>\n<p>A partir del 1 al 3 de marzo, quienes estaban programados para viajar entre Santiago y el extranjero podr\u00e1n modificar su fecha de vuelo sin penalizaci\u00f3n (bajo condiciones tarifarias).<\/p>\n<p>Los cambios se deben solicitar llamando al contact center de LATAM (+56 2 2579 8990 desde Chile o +56 600 526 2000 desde el exterior), presentando su entrada para el concierto cancelado.<\/p>\n<p>\u201cEl grupo LATAM reitera su compromiso con sus pasajeros, brindando soluciones oportunas ante eventos extraordinarios\u201d, concluy\u00f3 la aerol\u00ednea en un comunicado oficial.<\/p>\n","protected":false},"excerpt":{"rendered":"<p>La cancelaci\u00f3n del concierto de Shakira en el Estadio Nacional, programado para hoy domingo 2 de marzo, ha generado gran inter\u00e9s y debate entre los fans<\/p>\n","protected":false},"author":2,"featured_media":12467,"comment_status":"closed","ping_status":"open","sticky":false,"template":"","format":"standard","meta":{"_jetpack_memberships_contains_paid_content":false,"jnews-multi-image_gallery":[],"jnews_single_post":[],"jnews_primary_category":[],"jnews_social_meta":[],"jnews_paywall_metabox":[],"jnews_review":[],"enable_review":"","type":"","name":"","summary":"","brand":"","sku":"","good":[],"bad":[],"score_override":"","override_value":"","rating":[],"price":[],"jnews_override_counter":[],"jnews_post_split":[],"footnotes":""},"categories":[21],"tags":[],"class_list":["post-12468","post","type-post","status-publish","format-standard","has-post-thumbnail","hentry","category-nacional"],"jetpack_featured_media_url":"https:\/\/laserenaradio.cl\/web\/wp-content\/uploads\/2025\/03\/homepiaiextractoscrapimg_webpconciertopasajerosShakiramarzo_0.webp","jetpack_sharing_enabled":true,"_links":{"self":[{"href":"https:\/\/laserenaradio.cl\/web\/wp-json\/wp\/v2\/posts\/12468","targetHints":{"allow":["GET"]}}],"collection":[{"href":"https:\/\/laserenaradio.cl\/web\/wp-json\/wp\/v2\/posts"}],"about":[{"href":"https:\/\/laserenaradio.cl\/web\/wp-json\/wp\/v2\/types\/post"}],"author":[{"embeddable":true,"href":"https:\/\/laserenaradio.cl\/web\/wp-json\/wp\/v2\/users\/2"}],"replies":[{"embeddable":true,"href":"https:\/\/laserenaradio.cl\/web\/wp-json\/wp\/v2\/comments?post=12468"}],"version-history":[{"count":1,"href":"https:\/\/laserenaradio.cl\/web\/wp-json\/wp\/v2\/posts\/12468\/revisions"}],"predecessor-version":[{"id":12469,"href":"https:\/\/laserenaradio.cl\/web\/wp-json\/wp\/v2\/posts\/12468\/revisions\/12469"}],"wp:featuredmedia":[{"embeddable":true,"href":"https:\/\/laserenaradio.cl\/web\/wp-json\/wp\/v2\/media\/12467"}],"wp:attachment":[{"href":"https:\/\/laserenaradio.cl\/web\/wp-json\/wp\/v2\/media?parent=12468"}],"wp:term":[{"taxonomy":"category","embeddable":true,"href":"https:\/\/laserenaradio.cl\/web\/wp-json\/wp\/v2\/categories?post=12468"},{"taxonomy":"post_tag","embeddable":true,"href":"https:\/\/laserenaradio.cl\/web\/wp-json\/wp\/v2\/tags?post=12468"}],"curies":[{"name":"wp","href":"https:\/\/api.w.org\/{rel}","templated":true}]}}