{"id":12450,"date":"2025-03-02T15:03:24","date_gmt":"2025-03-02T18:03:24","guid":{"rendered":"https:\/\/laserenaradio.cl\/web\/?p=12450"},"modified":"2025-03-02T15:03:24","modified_gmt":"2025-03-02T18:03:24","slug":"evelyn-matthei-lidera-las-preferencias-para-la-eleccion-presidencial-con-menor-margen-sobre-bachelet","status":"publish","type":"post","link":"https:\/\/laserenaradio.cl\/web\/2025\/03\/02\/evelyn-matthei-lidera-las-preferencias-para-la-eleccion-presidencial-con-menor-margen-sobre-bachelet\/","title":{"rendered":"Evelyn Matthei lidera las preferencias para la elecci\u00f3n presidencial con menor margen sobre Bachelet"},"content":{"rendered":"<p><b>La encuesta mensual Pulso Ciudadano destaca a Evelyn Matthei como l\u00edder en las preferencias electorales para la pr\u00f3xima elecci\u00f3n presidencial<\/b><!--more-->.<\/p>\n<p>La exalcaldesa de Providencia mantiene un liderazgo apretado frente a Michelle Bachelet, quien se asienta en el segundo lugar.<\/p>\n<p>Este mes, Matthei baj\u00f3 3,1 puntos porcentuales hasta alcanzar el 24,3%, mientras que Bachelet subi\u00f3 3,7 puntos para posicionarse con un 15,9%.<\/p>\n<p>Bachelet, que no es candidata presidencial y no ha expresado intenciones de serlo, se perfila como la figura m\u00e1s competitiva en el sector opositor. El oficialismo intenta convencerla de que participe, considerando su potencial para hacerse con una victoria electoral.<\/p>\n<p>En tercer lugar, Jos\u00e9 Antonio Kast del PRCH logr\u00f3 subir un punto porcentual hasta alcanzar el 10,6%.<\/p>\n<p>Johannes Kaiser (PNL) se sit\u00faa en la cuarta posici\u00f3n con un 9,7% tras un aumento de dos puntos. Tras \u00e9l, aparecen Tom\u00e1s Vodanovic (3,6%), Carolina Toh\u00e1 (1,9%), Camila Vallejo (1,8%), Daniel Jadue (1,7%) y Franco Parisi (1,7%). Gino Lorenzini concluye el top 10 con un 1,5%.<\/p>\n<p>La reciente encuesta tambi\u00e9n revel\u00f3 impactos en la gesti\u00f3n del gobierno frente a la emergencia el\u00e9ctrica que afect\u00f3 al pa\u00eds.<\/p>\n<p>Un 40,4% calific\u00f3 como &#8220;mala o muy mala&#8221; la reacci\u00f3n del Ejecutivo, mientras que el 31,1% lo vio de forma regular y un 28,5%, positivamente.<\/p>\n<p>En paralelo, la aprobaci\u00f3n del presidente Gabriel Boric baj\u00f3 al 30,8% tras una ca\u00edda de 0,7 puntos respecto al mes anterior. El rechazo a la gesti\u00f3n gubernamental creci\u00f3 hasta el 57,6%, con un descenso de 0,9 puntos porcentuales. Un 11,6% de los encuestados declar\u00f3 no tener una opini\u00f3n clara sobre el desempe\u00f1o del gobierno.<\/p>\n<p>Este contexto refleja la preocupaci\u00f3n ciudadana y las tensiones que persisten en la pol\u00edtica chilena.<\/p>\n<p>Esta encuesta demuestra c\u00f3mo los eventos actuales, como el apag\u00f3n el\u00e9ctrico, pueden influir directamente en la percepci\u00f3n p\u00fablica de la gesti\u00f3n gubernamental y, por extensi\u00f3n, en las preferencias electorales.<\/p>\n","protected":false},"excerpt":{"rendered":"<p>La encuesta mensual Pulso Ciudadano destaca a Evelyn Matthei como l\u00edder en las preferencias electorales para la pr\u00f3xima elecci\u00f3n presidencial<\/p>\n","protected":false},"author":2,"featured_media":12449,"comment_status":"closed","ping_status":"open","sticky":false,"template":"","format":"standard","meta":{"_jetpack_memberships_contains_paid_content":false,"jnews-multi-image_gallery":[],"jnews_single_post":[],"jnews_primary_category":[],"jnews_social_meta":[],"jnews_paywall_metabox":[],"jnews_review":[],"enable_review":"","type":"","name":"","summary":"","brand":"","sku":"","good":[],"bad":[],"score_override":"","override_value":"","rating":[],"price":[],"jnews_override_counter":[],"jnews_post_split":[],"footnotes":""},"categories":[83],"tags":[],"class_list":["post-12450","post","type-post","status-publish","format-standard","has-post-thumbnail","hentry","category-politica"],"jetpack_featured_media_url":"https:\/\/laserenaradio.cl\/web\/wp-content\/uploads\/2025\/03\/homepiaiextractoscrapimg_webpEvelynMatthei_0.webp","jetpack_sharing_enabled":true,"_links":{"self":[{"href":"https:\/\/laserenaradio.cl\/web\/wp-json\/wp\/v2\/posts\/12450","targetHints":{"allow":["GET"]}}],"collection":[{"href":"https:\/\/laserenaradio.cl\/web\/wp-json\/wp\/v2\/posts"}],"about":[{"href":"https:\/\/laserenaradio.cl\/web\/wp-json\/wp\/v2\/types\/post"}],"author":[{"embeddable":true,"href":"https:\/\/laserenaradio.cl\/web\/wp-json\/wp\/v2\/users\/2"}],"replies":[{"embeddable":true,"href":"https:\/\/laserenaradio.cl\/web\/wp-json\/wp\/v2\/comments?post=12450"}],"version-history":[{"count":1,"href":"https:\/\/laserenaradio.cl\/web\/wp-json\/wp\/v2\/posts\/12450\/revisions"}],"predecessor-version":[{"id":12451,"href":"https:\/\/laserenaradio.cl\/web\/wp-json\/wp\/v2\/posts\/12450\/revisions\/12451"}],"wp:featuredmedia":[{"embeddable":true,"href":"https:\/\/laserenaradio.cl\/web\/wp-json\/wp\/v2\/media\/12449"}],"wp:attachment":[{"href":"https:\/\/laserenaradio.cl\/web\/wp-json\/wp\/v2\/media?parent=12450"}],"wp:term":[{"taxonomy":"category","embeddable":true,"href":"https:\/\/laserenaradio.cl\/web\/wp-json\/wp\/v2\/categories?post=12450"},{"taxonomy":"post_tag","embeddable":true,"href":"https:\/\/laserenaradio.cl\/web\/wp-json\/wp\/v2\/tags?post=12450"}],"curies":[{"name":"wp","href":"https:\/\/api.w.org\/{rel}","templated":true}]}}