{"id":12431,"date":"2025-03-01T11:05:38","date_gmt":"2025-03-01T14:05:38","guid":{"rendered":"https:\/\/laserenaradio.cl\/web\/?p=12431"},"modified":"2025-03-01T11:05:38","modified_gmt":"2025-03-01T14:05:38","slug":"concejal-de-osorno-gana-recurso-en-contra-del-municipio-por-incumplimiento-a-la-ley-de-accesibilidad-universal","status":"publish","type":"post","link":"https:\/\/laserenaradio.cl\/web\/2025\/03\/01\/concejal-de-osorno-gana-recurso-en-contra-del-municipio-por-incumplimiento-a-la-ley-de-accesibilidad-universal\/","title":{"rendered":"Concejal de Osorno gana recurso en contra del municipio por incumplimiento a la Ley de Accesibilidad Universal"},"content":{"rendered":"<p><b>La Corte de Apelaciones de Valdivia respald\u00f3 el recurso de protecci\u00f3n presentado por la concejala Natali Guissen contra el municipio de Osorno, en base a los incumplimientos de la Ley de Accesibilidad Universal<\/b><!--more-->.<\/p>\n<p>Esta normativa, vigente desde 2010 y aplicable desde marzo del 2019, exige que todos los edificios p\u00fablicos sean accesibles para personas con discapacidades.<\/p>\n<p>En el caso espec\u00edfico de Guissen, quien se desplaza en silla de ruedas, denunci\u00f3 la falta de infraestructura adecuada en el edificio consistorial.<\/p>\n<p>A trav\u00e9s del recurso presentado por su abogado Fernando Silva, acus\u00f3 que la administraci\u00f3n municipal hab\u00eda infringido sus derechos a la igualdad ante la ley y al libre acceso a los servicios p\u00fablicos.<\/p>\n<p>La sentencia favorable para Guissen constituye un precedente importante en Chile, destacando el compromiso de las instituciones locales con la protecci\u00f3n y promoci\u00f3n de derechos fundamentales.<\/p>\n<p>La concejala expres\u00f3 que esta decisi\u00f3n demuestra el valor del cumplimiento legal e insta a otros ciudadanos a buscar los canales necesarios para asegurar sus garant\u00edas.<\/p>\n<p>En respuesta al fallo, el municipio de Osorno ha implementado medidas provisionales.<\/p>\n<p>Seg\u00fan C\u00e9sar Guzm\u00e1n, director jur\u00eddico local, se est\u00e1 instalando una oficina temporal para la concejala, mientras se llevan a cabo las obras definitivas para su edificio original.<\/p>\n<p>A pesar de la licitaci\u00f3n p\u00fablica no alcanz\u00f3 a generar ofertas, el proceso sigue en curso mediante un contrato privado.<\/p>\n<p>Esta noticia destaca los desaf\u00edos y avances en la implementaci\u00f3n de la Ley de Accesibilidad Universal, fortaleciendo el di\u00e1logo entre autoridades y ciudadanos con discapacidades.<\/p>\n","protected":false},"excerpt":{"rendered":"<p>La Corte de Apelaciones de Valdivia respald\u00f3 el recurso de protecci\u00f3n presentado por la concejala Natali Guissen contra el municipio de Osorno, en base a los incumplimientos de la Ley de Accesibilidad Universal<\/p>\n","protected":false},"author":2,"featured_media":12430,"comment_status":"closed","ping_status":"open","sticky":false,"template":"","format":"standard","meta":{"_jetpack_memberships_contains_paid_content":false,"jnews-multi-image_gallery":[],"jnews_single_post":[],"jnews_primary_category":[],"jnews_social_meta":[],"jnews_paywall_metabox":[],"jnews_review":[],"enable_review":"","type":"","name":"","summary":"","brand":"","sku":"","good":[],"bad":[],"score_override":"","override_value":"","rating":[],"price":[],"jnews_override_counter":[],"jnews_post_split":[],"footnotes":""},"categories":[21],"tags":[],"class_list":["post-12431","post","type-post","status-publish","format-standard","has-post-thumbnail","hentry","category-nacional"],"jetpack_featured_media_url":"https:\/\/laserenaradio.cl\/web\/wp-content\/uploads\/2025\/03\/homepiaiextractoscrapimg_predeterminadalaserenaradio_nacional.webp","jetpack_sharing_enabled":true,"_links":{"self":[{"href":"https:\/\/laserenaradio.cl\/web\/wp-json\/wp\/v2\/posts\/12431","targetHints":{"allow":["GET"]}}],"collection":[{"href":"https:\/\/laserenaradio.cl\/web\/wp-json\/wp\/v2\/posts"}],"about":[{"href":"https:\/\/laserenaradio.cl\/web\/wp-json\/wp\/v2\/types\/post"}],"author":[{"embeddable":true,"href":"https:\/\/laserenaradio.cl\/web\/wp-json\/wp\/v2\/users\/2"}],"replies":[{"embeddable":true,"href":"https:\/\/laserenaradio.cl\/web\/wp-json\/wp\/v2\/comments?post=12431"}],"version-history":[{"count":1,"href":"https:\/\/laserenaradio.cl\/web\/wp-json\/wp\/v2\/posts\/12431\/revisions"}],"predecessor-version":[{"id":12432,"href":"https:\/\/laserenaradio.cl\/web\/wp-json\/wp\/v2\/posts\/12431\/revisions\/12432"}],"wp:featuredmedia":[{"embeddable":true,"href":"https:\/\/laserenaradio.cl\/web\/wp-json\/wp\/v2\/media\/12430"}],"wp:attachment":[{"href":"https:\/\/laserenaradio.cl\/web\/wp-json\/wp\/v2\/media?parent=12431"}],"wp:term":[{"taxonomy":"category","embeddable":true,"href":"https:\/\/laserenaradio.cl\/web\/wp-json\/wp\/v2\/categories?post=12431"},{"taxonomy":"post_tag","embeddable":true,"href":"https:\/\/laserenaradio.cl\/web\/wp-json\/wp\/v2\/tags?post=12431"}],"curies":[{"name":"wp","href":"https:\/\/api.w.org\/{rel}","templated":true}]}}