{"id":12428,"date":"2025-03-01T11:03:07","date_gmt":"2025-03-01T14:03:07","guid":{"rendered":"https:\/\/laserenaradio.cl\/web\/?p=12428"},"modified":"2025-03-01T11:03:07","modified_gmt":"2025-03-01T14:03:07","slug":"ovalle-conmemoro-el-dia-de-la-enfermedad-poco-frecuente","status":"publish","type":"post","link":"https:\/\/laserenaradio.cl\/web\/2025\/03\/01\/ovalle-conmemoro-el-dia-de-la-enfermedad-poco-frecuente\/","title":{"rendered":"Ovalle Conmemor\u00f3 el D\u00eda de la Enfermedad Poco Frecuente"},"content":{"rendered":"<p><b>En el marco del D\u00eda de las Enfermedades Poco Frecuentes, se realiz\u00f3 una conmemoraci\u00f3n en la alameda local de Ovalle, Chile<\/b><!--more-->.<\/p>\n<p>Este evento cont\u00f3 con la presencia del alcalde H\u00e9ctor Vega Campusano y miembros del Concejo Municipal, quien expres\u00f3 su satisfacci\u00f3n por ser la primera vez que se realiza a nivel regional.<\/p>\n<p>Los participantes incluyeron diversas organizaciones y agrupaciones que apoyan a personas con condiciones m\u00e9dicas singulares.<\/p>\n<p>Entre ellas se encontraban Protea Ovalle, Corporaci\u00f3n Familia Miastenia Gravis, Fundaci\u00f3n Deseos sin Barreras, Programa Lazos, Programa Somos Barrio, Fundaci\u00f3n Fibrodisplacia Osificante Progresiva Chile, Guerreras Hermosas y Ostomizados.<\/p>\n<p>Adem\u00e1s, se cont\u00f3 con el apoyo del Centro de Atenci\u00f3n para Ni\u00f1os, Ni\u00f1as y Adolescentes con Trastorno del Espectro Autista (TEA), Corazones Autismo Punitaqui, Oficina de la Discapacidad del Departamento Social municipal.<\/p>\n<p>Katina Pavletich, representante de la Federaci\u00f3n de Enfermedades Poco Frecuentes de Chile (FENPOF Chile), enfatiz\u00f3 la importancia de visibilizar las problem\u00e1ticas asociadas a estas condiciones m\u00e9dicas.<\/p>\n<p>&#8220;Es crucial educar a la comunidad sobre c\u00f3mo vivir con enfermedades poco frecuentes&#8221;, declar\u00f3 Pavletich, quien destac\u00f3 que este tipo de actividades se seguir\u00e1n replicando.<\/p>\n<p>Por su parte, el alcalde Vega Campusano afirm\u00f3: &#8220;Nos complace llevar a cabo esta conmemoraci\u00f3n y apoyaremos todas estas agrupaciones en sus labores. En coordinaci\u00f3n con nuestros parlamentarios, haremos gestiones para brindarles nuestro apoyo&#8221;.<\/p>\n","protected":false},"excerpt":{"rendered":"<p>En el marco del D\u00eda de las Enfermedades Poco Frecuentes, se realiz\u00f3 una conmemoraci\u00f3n en la alameda local de Ovalle, Chile<\/p>\n","protected":false},"author":2,"featured_media":12427,"comment_status":"closed","ping_status":"open","sticky":false,"template":"","format":"standard","meta":{"_jetpack_memberships_contains_paid_content":false,"jnews-multi-image_gallery":[],"jnews_single_post":[],"jnews_primary_category":[],"jnews_social_meta":[],"jnews_paywall_metabox":[],"jnews_review":[],"enable_review":"","type":"","name":"","summary":"","brand":"","sku":"","good":[],"bad":[],"score_override":"","override_value":"","rating":[],"price":[],"jnews_override_counter":[],"jnews_post_split":[],"footnotes":""},"categories":[21],"tags":[],"class_list":["post-12428","post","type-post","status-publish","format-standard","has-post-thumbnail","hentry","category-nacional"],"jetpack_featured_media_url":"https:\/\/laserenaradio.cl\/web\/wp-content\/uploads\/2025\/03\/homepiaiextractoscrapimg_webpOvalleConmemoro_0.webp","jetpack_sharing_enabled":true,"_links":{"self":[{"href":"https:\/\/laserenaradio.cl\/web\/wp-json\/wp\/v2\/posts\/12428","targetHints":{"allow":["GET"]}}],"collection":[{"href":"https:\/\/laserenaradio.cl\/web\/wp-json\/wp\/v2\/posts"}],"about":[{"href":"https:\/\/laserenaradio.cl\/web\/wp-json\/wp\/v2\/types\/post"}],"author":[{"embeddable":true,"href":"https:\/\/laserenaradio.cl\/web\/wp-json\/wp\/v2\/users\/2"}],"replies":[{"embeddable":true,"href":"https:\/\/laserenaradio.cl\/web\/wp-json\/wp\/v2\/comments?post=12428"}],"version-history":[{"count":1,"href":"https:\/\/laserenaradio.cl\/web\/wp-json\/wp\/v2\/posts\/12428\/revisions"}],"predecessor-version":[{"id":12429,"href":"https:\/\/laserenaradio.cl\/web\/wp-json\/wp\/v2\/posts\/12428\/revisions\/12429"}],"wp:featuredmedia":[{"embeddable":true,"href":"https:\/\/laserenaradio.cl\/web\/wp-json\/wp\/v2\/media\/12427"}],"wp:attachment":[{"href":"https:\/\/laserenaradio.cl\/web\/wp-json\/wp\/v2\/media?parent=12428"}],"wp:term":[{"taxonomy":"category","embeddable":true,"href":"https:\/\/laserenaradio.cl\/web\/wp-json\/wp\/v2\/categories?post=12428"},{"taxonomy":"post_tag","embeddable":true,"href":"https:\/\/laserenaradio.cl\/web\/wp-json\/wp\/v2\/tags?post=12428"}],"curies":[{"name":"wp","href":"https:\/\/api.w.org\/{rel}","templated":true}]}}