{"id":12416,"date":"2025-02-28T19:00:26","date_gmt":"2025-02-28T22:00:26","guid":{"rendered":"https:\/\/laserenaradio.cl\/web\/?p=12416"},"modified":"2025-02-28T19:00:26","modified_gmt":"2025-02-28T22:00:26","slug":"no-pudo-mas-con-la-culpa-asesino-entrega-detalles-macabros-del-crimen-que-dejo-sin-vida-a-maria-angelica-ascui","status":"publish","type":"post","link":"https:\/\/laserenaradio.cl\/web\/2025\/02\/28\/no-pudo-mas-con-la-culpa-asesino-entrega-detalles-macabros-del-crimen-que-dejo-sin-vida-a-maria-angelica-ascui\/","title":{"rendered":"No pudo m\u00e1s con la culpa: asesino entrega detalles macabros del crimen que dej\u00f3 sin vida a Mar\u00eda Ang\u00e9lica Ascui"},"content":{"rendered":"<p><b>En la regi\u00f3n de Los Lagos, espec\u00edficamente en Chilo\u00e9, un crimen atroz ha conmocionado a la comunidad<\/b><!--more-->.<\/p>\n<p>Mar\u00eda Ang\u00e9lica Ascui, reconocida bailarina y exparticipante del programa televisivo &#8220;M\u00fasica Libre&#8221; de los a\u00f1os 70, fue asesinada brutalmente por Andr\u00e9s Mauricio Hern\u00e1ndez Toro, un hombre colombiano de 47 a\u00f1os.<\/p>\n<p>Hern\u00e1ndez Toro, identificado como el autor confeso del crimen, se present\u00f3 ante la Segunda Comisar\u00eda de Castro para relatar sus horribles acciones.<\/p>\n<p>El cad\u00e1ver fue encontrado bajo el puente San Pedro en Pastahu\u00e9, al norte de Castro, en plena comuna.<\/p>\n<p>Mar\u00eda Ang\u00e9lica Ascui era propietaria de varias caba\u00f1as destinadas al turismo y la victimada hab\u00eda conocido a Hern\u00e1ndez Toro hace cuatro meses mediante un amigo.<\/p>\n<p>El \u201cparcero\u201d adquiri\u00f3 una caba\u00f1a de Ascui con el prop\u00f3sito de dividir su compra, ofreciendo solo $4 millones y prometi\u00e9ndole pagar el resto mensualmente.<\/p>\n<p>Sin embargo, seg\u00fan declaraciones del imputado, Mar\u00eda Ang\u00e9lica reconoc\u00eda problemas financieros relacionados a la p\u00e9rdida de sus propiedades, incluida la que le vendi\u00f3.<\/p>\n<p>Durante la semana del 17 de febrero, los dos se vieron en cuatro ocasiones.<\/p>\n<p>El jueves final, Hern\u00e1ndez Toro volvi\u00f3 a exigir el pago y una discusi\u00f3n termin\u00f3 con un violento ataque. Mar\u00eda Ang\u00e9lica recibi\u00f3 m\u00faltiples pu\u00f1aladas que, aunque dejaron la mujer viva, no pudieron detener sus acciones. Con una esp\u00e1tula, Hern\u00e1ndez Toro cort\u00f3 su cuello, finalizando as\u00ed su vida. Tras el crimen, el hombre se deshizo del cuerpo en el puente San Pedro de Pastahu\u00e9, envolvi\u00e9ndolo en un cobertor y lanz\u00e1ndolo al r\u00edo.<\/p>\n<p>Su formalizaci\u00f3n ante la justicia ha sido aplazada para aguardar la autopsia de Mar\u00eda Ang\u00e9lica Ascui.<\/p>\n<p>Este caso ha conmocionado a los lugare\u00f1os y resalta los peligros latentes en la regi\u00f3n, incluso entre quienes aparentemente comparten v\u00ednculos amistosos.<\/p>\n","protected":false},"excerpt":{"rendered":"<p>En la regi\u00f3n de Los Lagos, espec\u00edficamente en Chilo\u00e9, un crimen atroz ha conmocionado a la comunidad<\/p>\n","protected":false},"author":2,"featured_media":12415,"comment_status":"closed","ping_status":"open","sticky":false,"template":"","format":"standard","meta":{"_jetpack_memberships_contains_paid_content":false,"jnews-multi-image_gallery":[],"jnews_single_post":[],"jnews_primary_category":[],"jnews_social_meta":[],"jnews_paywall_metabox":[],"jnews_review":[],"enable_review":"","type":"","name":"","summary":"","brand":"","sku":"","good":[],"bad":[],"score_override":"","override_value":"","rating":[],"price":[],"jnews_override_counter":[],"jnews_post_split":[],"footnotes":""},"categories":[21],"tags":[],"class_list":["post-12416","post","type-post","status-publish","format-standard","has-post-thumbnail","hentry","category-nacional"],"jetpack_featured_media_url":"https:\/\/laserenaradio.cl\/web\/wp-content\/uploads\/2025\/02\/homepiaiextractoscrapimg_predeterminadalaserenaradio_ultimo_minuto-2.webp","jetpack_sharing_enabled":true,"_links":{"self":[{"href":"https:\/\/laserenaradio.cl\/web\/wp-json\/wp\/v2\/posts\/12416","targetHints":{"allow":["GET"]}}],"collection":[{"href":"https:\/\/laserenaradio.cl\/web\/wp-json\/wp\/v2\/posts"}],"about":[{"href":"https:\/\/laserenaradio.cl\/web\/wp-json\/wp\/v2\/types\/post"}],"author":[{"embeddable":true,"href":"https:\/\/laserenaradio.cl\/web\/wp-json\/wp\/v2\/users\/2"}],"replies":[{"embeddable":true,"href":"https:\/\/laserenaradio.cl\/web\/wp-json\/wp\/v2\/comments?post=12416"}],"version-history":[{"count":1,"href":"https:\/\/laserenaradio.cl\/web\/wp-json\/wp\/v2\/posts\/12416\/revisions"}],"predecessor-version":[{"id":12417,"href":"https:\/\/laserenaradio.cl\/web\/wp-json\/wp\/v2\/posts\/12416\/revisions\/12417"}],"wp:featuredmedia":[{"embeddable":true,"href":"https:\/\/laserenaradio.cl\/web\/wp-json\/wp\/v2\/media\/12415"}],"wp:attachment":[{"href":"https:\/\/laserenaradio.cl\/web\/wp-json\/wp\/v2\/media?parent=12416"}],"wp:term":[{"taxonomy":"category","embeddable":true,"href":"https:\/\/laserenaradio.cl\/web\/wp-json\/wp\/v2\/categories?post=12416"},{"taxonomy":"post_tag","embeddable":true,"href":"https:\/\/laserenaradio.cl\/web\/wp-json\/wp\/v2\/tags?post=12416"}],"curies":[{"name":"wp","href":"https:\/\/api.w.org\/{rel}","templated":true}]}}