{"id":12413,"date":"2025-02-28T15:21:22","date_gmt":"2025-02-28T18:21:22","guid":{"rendered":"https:\/\/laserenaradio.cl\/web\/?p=12413"},"modified":"2025-02-28T15:21:22","modified_gmt":"2025-02-28T18:21:22","slug":"la-fiscalia-confirma-restos-humanos-encontrados-en-valparaiso-corresponden-a-ana-bravo-verdejo","status":"publish","type":"post","link":"https:\/\/laserenaradio.cl\/web\/2025\/02\/28\/la-fiscalia-confirma-restos-humanos-encontrados-en-valparaiso-corresponden-a-ana-bravo-verdejo\/","title":{"rendered":"La Fiscal\u00eda confirma restos humanos encontrados en Valpara\u00edso corresponden a Ana Bravo Verdejo"},"content":{"rendered":"<p><b>La <a href=\"https:\/\/www.fiscaliadechile.cl\/\">Fiscal\u00eda<\/a> de Valpara\u00edso confirm\u00f3 que los restos hallados en la comuna corresponden a Ana Bravo Verdejo, mujer desaparecida en 2019<\/b><!--more-->.<\/p>\n<p>De acuerdo con un comunicado oficial, las pericias establecieron con un 99% de certezas que el cuerpo es el de la desaparecida.<\/p>\n<p>El cad\u00e1ver fue encontrado en 2020, un a\u00f1o despu\u00e9s de su extrav\u00edo, y permaneci\u00f3 en el <a href=\"http:\/\/www.sml.gob.cl\/\">Servicio M\u00e9dico Legal<\/a> de Santiago debido al estado en que se encontr\u00f3.<\/p>\n<p>La demora en la identificaci\u00f3n, principalmente, se debe a las condiciones del cuerpo.<\/p>\n<p>Desde el ingreso de la denuncia, la investigaci\u00f3n ha permanecido vigente, con la esperanza de esclarecer las circunstancias que llevaron a la muerte de Ana Bravo Verdejo. La mujer, de 38 a\u00f1os y madre de dos ni\u00f1as y un ni\u00f1o, desapareci\u00f3 el 10 de noviembre, tras perderse el contacto con su familia en el plan Valpara\u00edso.<\/p>\n<p>El \u00faltimo contacto de Ana fue con su madre a trav\u00e9s de un llamado telef\u00f3nico. Durante este di\u00e1logo, la desaparecida le pidi\u00f3 perd\u00f3n y expres\u00f3 deseos de volver a casa.<\/p>\n<p>Las autoridades contin\u00faan con las diligencias necesarias para determinar los hechos que rodearon la muerte de Ana Bravo Verdejo.<\/p>\n","protected":false},"excerpt":{"rendered":"<p>La Fiscal\u00eda de Valpara\u00edso confirm\u00f3 que los restos hallados en la comuna corresponden a Ana Bravo Verdejo, mujer desaparecida en 2019<\/p>\n","protected":false},"author":2,"featured_media":12412,"comment_status":"closed","ping_status":"open","sticky":false,"template":"","format":"standard","meta":{"_jetpack_memberships_contains_paid_content":false,"jnews-multi-image_gallery":[],"jnews_single_post":[],"jnews_primary_category":[],"jnews_social_meta":[],"jnews_paywall_metabox":[],"jnews_review":[],"enable_review":"","type":"","name":"","summary":"","brand":"","sku":"","good":[],"bad":[],"score_override":"","override_value":"","rating":[],"price":[],"jnews_override_counter":[],"jnews_post_split":[],"footnotes":""},"categories":[21],"tags":[],"class_list":["post-12413","post","type-post","status-publish","format-standard","has-post-thumbnail","hentry","category-nacional"],"jetpack_featured_media_url":"https:\/\/laserenaradio.cl\/web\/wp-content\/uploads\/2025\/02\/homepiaiextractoscrapimg_webpAnaBravoVerdejodesaparecidarestosmuerte_1.webp","jetpack_sharing_enabled":true,"_links":{"self":[{"href":"https:\/\/laserenaradio.cl\/web\/wp-json\/wp\/v2\/posts\/12413","targetHints":{"allow":["GET"]}}],"collection":[{"href":"https:\/\/laserenaradio.cl\/web\/wp-json\/wp\/v2\/posts"}],"about":[{"href":"https:\/\/laserenaradio.cl\/web\/wp-json\/wp\/v2\/types\/post"}],"author":[{"embeddable":true,"href":"https:\/\/laserenaradio.cl\/web\/wp-json\/wp\/v2\/users\/2"}],"replies":[{"embeddable":true,"href":"https:\/\/laserenaradio.cl\/web\/wp-json\/wp\/v2\/comments?post=12413"}],"version-history":[{"count":1,"href":"https:\/\/laserenaradio.cl\/web\/wp-json\/wp\/v2\/posts\/12413\/revisions"}],"predecessor-version":[{"id":12414,"href":"https:\/\/laserenaradio.cl\/web\/wp-json\/wp\/v2\/posts\/12413\/revisions\/12414"}],"wp:featuredmedia":[{"embeddable":true,"href":"https:\/\/laserenaradio.cl\/web\/wp-json\/wp\/v2\/media\/12412"}],"wp:attachment":[{"href":"https:\/\/laserenaradio.cl\/web\/wp-json\/wp\/v2\/media?parent=12413"}],"wp:term":[{"taxonomy":"category","embeddable":true,"href":"https:\/\/laserenaradio.cl\/web\/wp-json\/wp\/v2\/categories?post=12413"},{"taxonomy":"post_tag","embeddable":true,"href":"https:\/\/laserenaradio.cl\/web\/wp-json\/wp\/v2\/tags?post=12413"}],"curies":[{"name":"wp","href":"https:\/\/api.w.org\/{rel}","templated":true}]}}