{"id":12410,"date":"2025-02-28T15:06:45","date_gmt":"2025-02-28T18:06:45","guid":{"rendered":"https:\/\/laserenaradio.cl\/web\/?p=12410"},"modified":"2025-02-28T15:06:45","modified_gmt":"2025-02-28T18:06:45","slug":"plan-pinta-la-serena-apunta-a-borrar-rayas-y-grafitis-en-la-comuna","status":"publish","type":"post","link":"https:\/\/laserenaradio.cl\/web\/2025\/02\/28\/plan-pinta-la-serena-apunta-a-borrar-rayas-y-grafitis-en-la-comuna\/","title":{"rendered":"&#8220;Plan Pinta La Serena&#8221; apunta a borrar rayas y grafitis en la comuna"},"content":{"rendered":"<p><b>La alcaldesa Daniela Norambuena dio inicio a la campa\u00f1a municipal &#8220;Plan Pinta La Serena&#8221;, cuyo objetivo es eliminar rayados y grafitis en la comuna<\/b><!--more-->.<\/p>\n<p>La iniciativa, realizada junto con la C\u00e1mara de Comercio local, pretende recuperar el patrimonio arquitect\u00f3nico y promover un entorno m\u00e1s limpio.<\/p>\n<p>\u201cPara nosotros es crucial mantener la belleza urbana, pintando las fachadas y eliminando los rayados,\u201d indic\u00f3 la alcaldesa Norambuena.<\/p>\n<p>\u201cEstamos agradecidos con el apoyo de la C\u00e1mara de Comercio, que nos ha proporcionado los insumos necesarios para este proyecto.\u201d<\/p>\n<p>La campa\u00f1a se basa en la Ordenanza de Medio Ambiente N\u00b02976, donde se exige a los propietarios y ocupantes de edificios realizar el mantenimiento decorativo de sus fachadas.<\/p>\n<p>La alcaldesa destac\u00f3 que \u201ctodos aquellos con derechos sobre un inmueble deben cumplir con la obligaci\u00f3n de pintar las fachadas cuando lo ordene la Municipalidad, dentro de un plazo prudencial.\u201d<\/p>\n<p>Carlos Orrego, presidente de la C\u00e1mara de Comercio y Turismo de La Serena, expres\u00f3 su apoyo a esta iniciativa, destacando el papel del comercio en el centro de la ciudad.<\/p>\n<p>\u201cEste es un proyecto que beneficiar\u00e1 no solo al municipio sino tambi\u00e9n a los negocios locales,\u201d afirm\u00f3.<\/p>\n<p>La acci\u00f3n se extender\u00e1 a todos los sectores de la comuna, con prioridad para zonas c\u00e9ntricas como Avenida de Aguirre.<\/p>\n<p>Para implementar el plan, se han asignado seis funcionarios municipales exclusivamente para el repintado.<\/p>\n<p>Esta colaboraci\u00f3n entre el gobierno local y la industria comercial busca no solo mejorar la est\u00e9tica urbana sino tambi\u00e9n fomentar una imagen positiva que promueva el turismo y el desarrollo econ\u00f3mico de La Serena.<\/p>\n","protected":false},"excerpt":{"rendered":"<p>La alcaldesa Daniela Norambuena dio inicio a la campa\u00f1a municipal &#8220;Plan Pinta La Serena&#8221;, cuyo objetivo es eliminar rayados y grafitis en la comuna<\/p>\n","protected":false},"author":2,"featured_media":12409,"comment_status":"closed","ping_status":"open","sticky":false,"template":"","format":"standard","meta":{"_jetpack_memberships_contains_paid_content":false,"jnews-multi-image_gallery":[],"jnews_single_post":[],"jnews_primary_category":[],"jnews_social_meta":[],"jnews_paywall_metabox":[],"jnews_review":[],"enable_review":"","type":"","name":"","summary":"","brand":"","sku":"","good":[],"bad":[],"score_override":"","override_value":"","rating":[],"price":[],"jnews_override_counter":[],"jnews_post_split":[],"footnotes":""},"categories":[21],"tags":[],"class_list":["post-12410","post","type-post","status-publish","format-standard","has-post-thumbnail","hentry","category-nacional"],"jetpack_featured_media_url":"https:\/\/laserenaradio.cl\/web\/wp-content\/uploads\/2025\/02\/homepiaiextractoscrapimg_webpalcaldesacomunaComerciofachadas_1.webp","jetpack_sharing_enabled":true,"_links":{"self":[{"href":"https:\/\/laserenaradio.cl\/web\/wp-json\/wp\/v2\/posts\/12410","targetHints":{"allow":["GET"]}}],"collection":[{"href":"https:\/\/laserenaradio.cl\/web\/wp-json\/wp\/v2\/posts"}],"about":[{"href":"https:\/\/laserenaradio.cl\/web\/wp-json\/wp\/v2\/types\/post"}],"author":[{"embeddable":true,"href":"https:\/\/laserenaradio.cl\/web\/wp-json\/wp\/v2\/users\/2"}],"replies":[{"embeddable":true,"href":"https:\/\/laserenaradio.cl\/web\/wp-json\/wp\/v2\/comments?post=12410"}],"version-history":[{"count":1,"href":"https:\/\/laserenaradio.cl\/web\/wp-json\/wp\/v2\/posts\/12410\/revisions"}],"predecessor-version":[{"id":12411,"href":"https:\/\/laserenaradio.cl\/web\/wp-json\/wp\/v2\/posts\/12410\/revisions\/12411"}],"wp:featuredmedia":[{"embeddable":true,"href":"https:\/\/laserenaradio.cl\/web\/wp-json\/wp\/v2\/media\/12409"}],"wp:attachment":[{"href":"https:\/\/laserenaradio.cl\/web\/wp-json\/wp\/v2\/media?parent=12410"}],"wp:term":[{"taxonomy":"category","embeddable":true,"href":"https:\/\/laserenaradio.cl\/web\/wp-json\/wp\/v2\/categories?post=12410"},{"taxonomy":"post_tag","embeddable":true,"href":"https:\/\/laserenaradio.cl\/web\/wp-json\/wp\/v2\/tags?post=12410"}],"curies":[{"name":"wp","href":"https:\/\/api.w.org\/{rel}","templated":true}]}}