{"id":12404,"date":"2025-02-28T14:54:51","date_gmt":"2025-02-28T17:54:51","guid":{"rendered":"https:\/\/laserenaradio.cl\/web\/?p=12404"},"modified":"2025-02-28T14:54:51","modified_gmt":"2025-02-28T17:54:51","slug":"atletico-mineiro-ficha-al-defensor-chileno-ivan-roman-para-la-temporada-2025","status":"publish","type":"post","link":"https:\/\/laserenaradio.cl\/web\/2025\/02\/28\/atletico-mineiro-ficha-al-defensor-chileno-ivan-roman-para-la-temporada-2025\/","title":{"rendered":"Atl\u00e9tico Mineiro ficha al defensor chileno Iv\u00e1n Rom\u00e1n para la temporada 2025"},"content":{"rendered":"<p><b>Atl\u00e9tico Mineiro anuncia al defensor chileno Iv\u00e1n Rom\u00e1n para la temporada 2025, destacando su potencial y experiencia en el f\u00fatbol sudamericano. El jugador, de 18 a\u00f1os, se une a las filas del equipo brasile\u00f1o tras un recorrido notable con Palestino, club donde comenz\u00f3 como canterano<\/b><!--more-->.<\/p>\n<p>Rom\u00e1n, apodado &#8216;Charru&#8217;, ha demostrado su val\u00eda en el f\u00fatbol sudamericano, disputando 39 partidos y anotando tres goles durante la temporada pasada.<\/p>\n<p>En la selecci\u00f3n chilena sub-20, Rom\u00e1n fue pieza clave bajo la direcci\u00f3n t\u00e9cnica de Nicol\u00e1s C\u00f3rdova. Su desempe\u00f1o en el Sudamericano Sub 20 de Venezuela le vali\u00f3 una presencia constante y un total de 708 minutos sobre el campo.<\/p>\n<p>Atl\u00e9tico Mineiro ha confirmado que el acuerdo con Rom\u00e1n incluye un contrato hasta diciembre de 2029, otorg\u00e1ndole a la instituci\u00f3n brasile\u00f1a la oportunidad de formar a este joven talento. Con la mirada puesta en el futuro, Iv\u00e1n Rom\u00e1n busca desaf\u00edos nuevos y mayores en el f\u00fatbol internacional.<\/p>\n","protected":false},"excerpt":{"rendered":"<p>Atl\u00e9tico Mineiro anuncia al defensor chileno Iv\u00e1n Rom\u00e1n para la temporada 2025, destacando su potencial y experiencia en el f\u00fatbol sudamericano. El jugador, de 18 a\u00f1os, se une a las filas del equipo brasile\u00f1o tras un recorrido notable con Palestino, club donde comenz\u00f3 como canterano<\/p>\n","protected":false},"author":2,"featured_media":12403,"comment_status":"closed","ping_status":"open","sticky":false,"template":"","format":"standard","meta":{"_jetpack_memberships_contains_paid_content":false,"jnews-multi-image_gallery":[],"jnews_single_post":[],"jnews_primary_category":[],"jnews_social_meta":[],"jnews_paywall_metabox":[],"jnews_review":[],"enable_review":"","type":"","name":"","summary":"","brand":"","sku":"","good":[],"bad":[],"score_override":"","override_value":"","rating":[],"price":[],"jnews_override_counter":[],"jnews_post_split":[],"footnotes":""},"categories":[84],"tags":[],"class_list":["post-12404","post","type-post","status-publish","format-standard","has-post-thumbnail","hentry","category-deportes"],"jetpack_featured_media_url":"https:\/\/laserenaradio.cl\/web\/wp-content\/uploads\/2025\/02\/homepiaiextractoscrapimg_webpAtleticoMineiro_1.webp","jetpack_sharing_enabled":true,"_links":{"self":[{"href":"https:\/\/laserenaradio.cl\/web\/wp-json\/wp\/v2\/posts\/12404","targetHints":{"allow":["GET"]}}],"collection":[{"href":"https:\/\/laserenaradio.cl\/web\/wp-json\/wp\/v2\/posts"}],"about":[{"href":"https:\/\/laserenaradio.cl\/web\/wp-json\/wp\/v2\/types\/post"}],"author":[{"embeddable":true,"href":"https:\/\/laserenaradio.cl\/web\/wp-json\/wp\/v2\/users\/2"}],"replies":[{"embeddable":true,"href":"https:\/\/laserenaradio.cl\/web\/wp-json\/wp\/v2\/comments?post=12404"}],"version-history":[{"count":1,"href":"https:\/\/laserenaradio.cl\/web\/wp-json\/wp\/v2\/posts\/12404\/revisions"}],"predecessor-version":[{"id":12405,"href":"https:\/\/laserenaradio.cl\/web\/wp-json\/wp\/v2\/posts\/12404\/revisions\/12405"}],"wp:featuredmedia":[{"embeddable":true,"href":"https:\/\/laserenaradio.cl\/web\/wp-json\/wp\/v2\/media\/12403"}],"wp:attachment":[{"href":"https:\/\/laserenaradio.cl\/web\/wp-json\/wp\/v2\/media?parent=12404"}],"wp:term":[{"taxonomy":"category","embeddable":true,"href":"https:\/\/laserenaradio.cl\/web\/wp-json\/wp\/v2\/categories?post=12404"},{"taxonomy":"post_tag","embeddable":true,"href":"https:\/\/laserenaradio.cl\/web\/wp-json\/wp\/v2\/tags?post=12404"}],"curies":[{"name":"wp","href":"https:\/\/api.w.org\/{rel}","templated":true}]}}