{"id":12401,"date":"2025-02-28T14:49:10","date_gmt":"2025-02-28T17:49:10","guid":{"rendered":"https:\/\/laserenaradio.cl\/web\/?p=12401"},"modified":"2025-02-28T14:49:10","modified_gmt":"2025-02-28T17:49:10","slug":"se-cierra-exitosamente-version-2025-del-plan-verano-seguro-en-la-serena-y-coquimbo","status":"publish","type":"post","link":"https:\/\/laserenaradio.cl\/web\/2025\/02\/28\/se-cierra-exitosamente-version-2025-del-plan-verano-seguro-en-la-serena-y-coquimbo\/","title":{"rendered":"Se cierra exitosamente versi\u00f3n 2025 del Plan Verano Seguro en La Serena y Coquimbo"},"content":{"rendered":"<p><b>El pasado 28 de diciembre, el Gobierno, <a href=\"https:\/\/www.carabineros.cl\/\">Carabineros<\/a> de Chile, la Gobernaci\u00f3n Mar\u00edtima y los municipios de La Serena y Coquimbo llevaron a cabo la versi\u00f3n 2025 del Plan Verano Seguro<\/b><!--more-->.<\/p>\n<p>Este plan se extendi\u00f3 por sesenta d\u00edas en la costa norte de Chile, con una presencia policial constante desde Pichidangui hasta Punta de Choros.<\/p>\n<p>&#8220;Creo que cumplimos la misi\u00f3n. M\u00e1s de 800 mil personas visitaron la regi\u00f3n, superando la temporada r\u00e9cord. Agradecemos a los carabineros y carabineras que sacrificaron sus vacaciones para garantizar el \u00e9xito de esta iniciativa&#8221;, afirm\u00f3 Galo Luna, delegado presidencial regional.<\/p>\n<p>El general Juan Mu\u00f1oz, jefe de la Zona de <a href=\"https:\/\/www.carabineros.cl\/\">Carabineros<\/a> Coquimbo, destac\u00f3: &#8220;Hemos logrado un aumento del 60% en detenciones y una cifra hist\u00f3rica de fiscalizaciones. Estamos consolidando a la regi\u00f3n como un destino seguro&#8221;.<\/p>\n<p>Durante los dos primeros meses del a\u00f1o, m\u00e1s de cien carabineros provenientes de las escuelas formativas apoyaron los patrullajes preventivos, llevando a cabo 27.829 fiscalizaciones (la cifra m\u00e1s alta en cinco a\u00f1os), 5.407 infracciones y 144 detenciones. En total, se desplegaron m\u00e1s de 1.300 uniformados a nivel nacional, un aumento del 28% respecto al a\u00f1o anterior.<\/p>\n<p>El gobernador regional, Crist\u00f3bal Juli\u00e1, valor\u00f3 el trabajo realizado: &#8220;Se nota la presencia de las polic\u00edas y la coordinaci\u00f3n entre todas las instituciones&#8221;.<\/p>\n<p>La jefa comunal de La Serena, Daniela Norambuena, resalt\u00f3 la colaboraci\u00f3n entre <a href=\"https:\/\/www.carabineros.cl\/\">Carabineros<\/a>, Delegaci\u00f3n Presidencial y municipios, asegurando cero robos de veh\u00edculos en el borde costero.<\/p>\n<p>Este plan demostr\u00f3 ser exitoso, no solo garantizando seguridad sino tambi\u00e9n impulsando el dinamismo econ\u00f3mico en la regi\u00f3n.<\/p>\n","protected":false},"excerpt":{"rendered":"<p>El pasado 28 de diciembre, el Gobierno, Carabineros de Chile, la Gobernaci\u00f3n Mar\u00edtima y los municipios de La Serena y Coquimbo llevaron a cabo la versi\u00f3n 2025 del Plan Verano Seguro<\/p>\n","protected":false},"author":2,"featured_media":12400,"comment_status":"closed","ping_status":"open","sticky":false,"template":"","format":"standard","meta":{"_jetpack_memberships_contains_paid_content":false,"jnews-multi-image_gallery":[],"jnews_single_post":[],"jnews_primary_category":[],"jnews_social_meta":[],"jnews_paywall_metabox":[],"jnews_review":[],"enable_review":"","type":"","name":"","summary":"","brand":"","sku":"","good":[],"bad":[],"score_override":"","override_value":"","rating":[],"price":[],"jnews_override_counter":[],"jnews_post_split":[],"footnotes":""},"categories":[21],"tags":[],"class_list":["post-12401","post","type-post","status-publish","format-standard","has-post-thumbnail","hentry","category-nacional"],"jetpack_featured_media_url":"https:\/\/laserenaradio.cl\/web\/wp-content\/uploads\/2025\/02\/homepiaiextractoscrapimg_webpcarabinerosCoquimboCarabinerosHemos_0.webp","jetpack_sharing_enabled":true,"_links":{"self":[{"href":"https:\/\/laserenaradio.cl\/web\/wp-json\/wp\/v2\/posts\/12401","targetHints":{"allow":["GET"]}}],"collection":[{"href":"https:\/\/laserenaradio.cl\/web\/wp-json\/wp\/v2\/posts"}],"about":[{"href":"https:\/\/laserenaradio.cl\/web\/wp-json\/wp\/v2\/types\/post"}],"author":[{"embeddable":true,"href":"https:\/\/laserenaradio.cl\/web\/wp-json\/wp\/v2\/users\/2"}],"replies":[{"embeddable":true,"href":"https:\/\/laserenaradio.cl\/web\/wp-json\/wp\/v2\/comments?post=12401"}],"version-history":[{"count":1,"href":"https:\/\/laserenaradio.cl\/web\/wp-json\/wp\/v2\/posts\/12401\/revisions"}],"predecessor-version":[{"id":12402,"href":"https:\/\/laserenaradio.cl\/web\/wp-json\/wp\/v2\/posts\/12401\/revisions\/12402"}],"wp:featuredmedia":[{"embeddable":true,"href":"https:\/\/laserenaradio.cl\/web\/wp-json\/wp\/v2\/media\/12400"}],"wp:attachment":[{"href":"https:\/\/laserenaradio.cl\/web\/wp-json\/wp\/v2\/media?parent=12401"}],"wp:term":[{"taxonomy":"category","embeddable":true,"href":"https:\/\/laserenaradio.cl\/web\/wp-json\/wp\/v2\/categories?post=12401"},{"taxonomy":"post_tag","embeddable":true,"href":"https:\/\/laserenaradio.cl\/web\/wp-json\/wp\/v2\/tags?post=12401"}],"curies":[{"name":"wp","href":"https:\/\/api.w.org\/{rel}","templated":true}]}}