{"id":12398,"date":"2025-02-28T14:45:38","date_gmt":"2025-02-28T17:45:38","guid":{"rendered":"https:\/\/laserenaradio.cl\/web\/?p=12398"},"modified":"2025-02-28T14:45:38","modified_gmt":"2025-02-28T17:45:38","slug":"asesinan-a-venezolano-con-arma-cortopunzante-en-estacion-central","status":"publish","type":"post","link":"https:\/\/laserenaradio.cl\/web\/2025\/02\/28\/asesinan-a-venezolano-con-arma-cortopunzante-en-estacion-central\/","title":{"rendered":"Asesinan a venezolano con arma cortopunzante en Estaci\u00f3n Central"},"content":{"rendered":"<p><b>En la regi\u00f3n Metropolitana (RM), la Brigada de Homicidios (BH) de la <a href=\"https:\/\/www.pdichile.cl\/\">PDI<\/a> confirm\u00f3 este viernes un nuevo asesinato relacionado con una persona fallecida por lesi\u00f3n con arma cortopunzante en Estaci\u00f3n Central<\/b><!--more-->.<\/p>\n<p>Seg\u00fan el inspector Sebasti\u00e1n Guzm\u00e1n, de la BH Centro Norte, se activaron peritos especializados y equipos m\u00e9dicos del Departamento de Medicina Criminal\u00edstica tras la solicitud de la <a href=\"https:\/\/www.fiscaliadechile.cl\/\">Fiscal\u00eda<\/a> de Flagrancia Centro Norte. El crimen ocurri\u00f3 en la calle Taitao de Estaci\u00f3n Central, donde se encontraba la v\u00edctima con evidencias de intervenci\u00f3n de terceros.<\/p>\n<p>Las acciones de investigaci\u00f3n incluyeron entrevistas a testigos y recopilaci\u00f3n de evidencia desde c\u00e1maras de seguridad, as\u00ed como el empadronamiento del sector.<\/p>\n<p>El inspector Guzm\u00e1n indic\u00f3 que la v\u00edctima era probablemente venezolana, en su treinta a\u00f1os, y estaba viviendo en situaci\u00f3n de calle. Aunque no se ha identificado a los responsables del crimen, se sospecha que podr\u00eda haber m\u00e1s de una persona involucrada.<\/p>\n<p>Este asesinato eleva el n\u00famero total de homicidios este viernes en la RM a tres, incluyendo la muerte del ciudadano franc\u00e9s Dimitri Weiler en Chicureo y otro crimen ocurrido en Bellavista.<\/p>\n","protected":false},"excerpt":{"rendered":"<p>En la regi\u00f3n Metropolitana (RM), la Brigada de Homicidios (BH) de la PDI confirm\u00f3 este viernes un nuevo asesinato relacionado con una persona fallecida por lesi\u00f3n con arma cortopunzante en Estaci\u00f3n Central<\/p>\n","protected":false},"author":2,"featured_media":12397,"comment_status":"closed","ping_status":"open","sticky":false,"template":"","format":"standard","meta":{"_jetpack_memberships_contains_paid_content":false,"jnews-multi-image_gallery":[],"jnews_single_post":[],"jnews_primary_category":[],"jnews_social_meta":[],"jnews_paywall_metabox":[],"jnews_review":[],"enable_review":"","type":"","name":"","summary":"","brand":"","sku":"","good":[],"bad":[],"score_override":"","override_value":"","rating":[],"price":[],"jnews_override_counter":[],"jnews_post_split":[],"footnotes":""},"categories":[21],"tags":[],"class_list":["post-12398","post","type-post","status-publish","format-standard","has-post-thumbnail","hentry","category-nacional"],"jetpack_featured_media_url":"https:\/\/laserenaradio.cl\/web\/wp-content\/uploads\/2025\/02\/homepiaiextractoscrapimg_webpCentralcrimenviernesasesinato_0.webp","jetpack_sharing_enabled":true,"_links":{"self":[{"href":"https:\/\/laserenaradio.cl\/web\/wp-json\/wp\/v2\/posts\/12398","targetHints":{"allow":["GET"]}}],"collection":[{"href":"https:\/\/laserenaradio.cl\/web\/wp-json\/wp\/v2\/posts"}],"about":[{"href":"https:\/\/laserenaradio.cl\/web\/wp-json\/wp\/v2\/types\/post"}],"author":[{"embeddable":true,"href":"https:\/\/laserenaradio.cl\/web\/wp-json\/wp\/v2\/users\/2"}],"replies":[{"embeddable":true,"href":"https:\/\/laserenaradio.cl\/web\/wp-json\/wp\/v2\/comments?post=12398"}],"version-history":[{"count":1,"href":"https:\/\/laserenaradio.cl\/web\/wp-json\/wp\/v2\/posts\/12398\/revisions"}],"predecessor-version":[{"id":12399,"href":"https:\/\/laserenaradio.cl\/web\/wp-json\/wp\/v2\/posts\/12398\/revisions\/12399"}],"wp:featuredmedia":[{"embeddable":true,"href":"https:\/\/laserenaradio.cl\/web\/wp-json\/wp\/v2\/media\/12397"}],"wp:attachment":[{"href":"https:\/\/laserenaradio.cl\/web\/wp-json\/wp\/v2\/media?parent=12398"}],"wp:term":[{"taxonomy":"category","embeddable":true,"href":"https:\/\/laserenaradio.cl\/web\/wp-json\/wp\/v2\/categories?post=12398"},{"taxonomy":"post_tag","embeddable":true,"href":"https:\/\/laserenaradio.cl\/web\/wp-json\/wp\/v2\/tags?post=12398"}],"curies":[{"name":"wp","href":"https:\/\/api.w.org\/{rel}","templated":true}]}}