{"id":12395,"date":"2025-02-28T14:42:44","date_gmt":"2025-02-28T17:42:44","guid":{"rendered":"https:\/\/laserenaradio.cl\/web\/?p=12395"},"modified":"2025-02-28T14:42:44","modified_gmt":"2025-02-28T17:42:44","slug":"la-alcaldesa-de-vina-del-mar-macarena-ripamonti-apuesta-por-tomas-vodanovic-para-la-moneda","status":"publish","type":"post","link":"https:\/\/laserenaradio.cl\/web\/2025\/02\/28\/la-alcaldesa-de-vina-del-mar-macarena-ripamonti-apuesta-por-tomas-vodanovic-para-la-moneda\/","title":{"rendered":"La Alcaldesa de Vi\u00f1a del Mar, Macarena Ripamonti, apuesta por Tom\u00e1s Vodanovic para La Moneda"},"content":{"rendered":"<p><b>Este viernes se agiliza el plazo para definir candidatos presidenciales en Chile<\/b><!--more-->.<\/p>\n<p>Macarena Ripamonti, alcaldesa de Vi\u00f1a del Mar, respalda a Tom\u00e1s Vodanovic, alcalde de Maip\u00fa, para competir por La Moneda. El proceso pol\u00edtico se complica con la incertidumbre sobre si Michelle Bachelet (PS) postular\u00e1 una vez m\u00e1s. Sectores de la coalici\u00f3n gubernamental apoyan las primarias amplias. Ripamonti considera que Vodanovic es el candidato ideal del Frente Amplio, resaltando su seriedad y capacidad para alcanzar acuerdos.<\/p>\n<p>&#8220;Es un colega querido con quien he trabajado por a\u00f1os&#8221;, sostiene la alcaldesa, insistiendo en la postulaci\u00f3n de Vodanovic para las elecciones presidenciales de noviembre.<\/p>\n<p>Este viernes marca el final del mes de febrero y, con ello, se acorta el tiempo disponible para los partidos pol\u00edticos para definir a sus candidatos. En este contexto, Bachelet a\u00fan no ha confirmado su intenci\u00f3n de postularse, manteniendo al oficialismo en un estado de incertidumbre. Por otro lado, diversas facciones dentro del gobierno expresan apoyo a las primarias amplias como m\u00e9todo para seleccionar candidatos.<\/p>\n<p>Ripamonti enfatiza que Vodanovic no solo es una opci\u00f3n viable, sino que es la mejor para el cargo, resaltando su perfil como l\u00edder pol\u00edtico en Maip\u00fa.<\/p>\n","protected":false},"excerpt":{"rendered":"<p>Este viernes se agiliza el plazo para definir candidatos presidenciales en Chile<\/p>\n","protected":false},"author":2,"featured_media":12394,"comment_status":"closed","ping_status":"open","sticky":false,"template":"","format":"standard","meta":{"_jetpack_memberships_contains_paid_content":false,"jnews-multi-image_gallery":[],"jnews_single_post":[],"jnews_primary_category":[],"jnews_social_meta":[],"jnews_paywall_metabox":[],"jnews_review":[],"enable_review":"","type":"","name":"","summary":"","brand":"","sku":"","good":[],"bad":[],"score_override":"","override_value":"","rating":[],"price":[],"jnews_override_counter":[],"jnews_post_split":[],"footnotes":""},"categories":[83],"tags":[],"class_list":["post-12395","post","type-post","status-publish","format-standard","has-post-thumbnail","hentry","category-politica"],"jetpack_featured_media_url":"https:\/\/laserenaradio.cl\/web\/wp-content\/uploads\/2025\/02\/homepiaiextractoscrapimg_webpVodanoviccandidatosMacarenaRipamontiviernes_0.webp","jetpack_sharing_enabled":true,"_links":{"self":[{"href":"https:\/\/laserenaradio.cl\/web\/wp-json\/wp\/v2\/posts\/12395","targetHints":{"allow":["GET"]}}],"collection":[{"href":"https:\/\/laserenaradio.cl\/web\/wp-json\/wp\/v2\/posts"}],"about":[{"href":"https:\/\/laserenaradio.cl\/web\/wp-json\/wp\/v2\/types\/post"}],"author":[{"embeddable":true,"href":"https:\/\/laserenaradio.cl\/web\/wp-json\/wp\/v2\/users\/2"}],"replies":[{"embeddable":true,"href":"https:\/\/laserenaradio.cl\/web\/wp-json\/wp\/v2\/comments?post=12395"}],"version-history":[{"count":1,"href":"https:\/\/laserenaradio.cl\/web\/wp-json\/wp\/v2\/posts\/12395\/revisions"}],"predecessor-version":[{"id":12396,"href":"https:\/\/laserenaradio.cl\/web\/wp-json\/wp\/v2\/posts\/12395\/revisions\/12396"}],"wp:featuredmedia":[{"embeddable":true,"href":"https:\/\/laserenaradio.cl\/web\/wp-json\/wp\/v2\/media\/12394"}],"wp:attachment":[{"href":"https:\/\/laserenaradio.cl\/web\/wp-json\/wp\/v2\/media?parent=12395"}],"wp:term":[{"taxonomy":"category","embeddable":true,"href":"https:\/\/laserenaradio.cl\/web\/wp-json\/wp\/v2\/categories?post=12395"},{"taxonomy":"post_tag","embeddable":true,"href":"https:\/\/laserenaradio.cl\/web\/wp-json\/wp\/v2\/tags?post=12395"}],"curies":[{"name":"wp","href":"https:\/\/api.w.org\/{rel}","templated":true}]}}