{"id":12392,"date":"2025-02-28T13:00:07","date_gmt":"2025-02-28T16:00:07","guid":{"rendered":"https:\/\/laserenaradio.cl\/web\/?p=12392"},"modified":"2025-02-28T13:00:07","modified_gmt":"2025-02-28T16:00:07","slug":"la-defensoria-de-la-ninez-denuncio-falta-de-condiciones-humanitarias-minimas-para-ninos-migrantes-en-colchane","status":"publish","type":"post","link":"https:\/\/laserenaradio.cl\/web\/2025\/02\/28\/la-defensoria-de-la-ninez-denuncio-falta-de-condiciones-humanitarias-minimas-para-ninos-migrantes-en-colchane\/","title":{"rendered":"La Defensor\u00eda de la Ni\u00f1ez denunci\u00f3 falta de condiciones humanitarias m\u00ednimas para ni\u00f1os migrantes en Colchane"},"content":{"rendered":"<p><b>La Defensor\u00eda de la Ni\u00f1ez ha denunciado falta de condiciones humanitarias m\u00ednimas para ni\u00f1os, ni\u00f1as y adolescentes migrantes en el Complejo Fronterizo Colchane, tras una visita realizada recientemente<\/b><!--more-->.<\/p>\n<p>La visita, motivada por alertas de otras instituciones, revel\u00f3 graves condiciones que amenazan los derechos fundamentales de estos menores.<\/p>\n<p>En la observaci\u00f3n se constat\u00f3 que 200 personas, entre migrantes y sus acompa\u00f1antes, estaban sin alimento durante m\u00e1s de 24 horas. Adem\u00e1s, uno de los ni\u00f1os presentaba una grave crisis de salud debido a la falta de alimentaci\u00f3n. Las instalaciones no cumplen con las normas sanitarias m\u00ednimas, careciendo de suficientes ba\u00f1os y espacio para pernoctar.<\/p>\n<p>El Defensor de la Ni\u00f1ez, Anuar Quesille, expres\u00f3 su preocupaci\u00f3n: &#8220;Hasta ahora, las respuestas de las autoridades han sido insuficientes. Esto ha llevado a exponer a ni\u00f1os y ni\u00f1as en condiciones que vulneran sus derechos&#8221;. A\u00f1adi\u00f3 que &#8220;en 2021, este dispositivo contaba con todas las condiciones para una respuesta humanizada, pero hoy se ha deteriorado hasta poner en riesgo la vida de estos menores&#8221;.<\/p>\n<p>El defensor llam\u00f3 urgentemente a las autoridades responsables a tomar medidas r\u00e1pidas y eficientes.<\/p>\n<p>Espec\u00edficamente, pidi\u00f3 al <a href=\"https:\/\/www.interior.gob.cl\/\">Ministerio del Interior<\/a> que establezca condiciones m\u00ednimas humanitarias para los ni\u00f1os y adolescentes mientras esperan sus tr\u00e1mites migratorios.<\/p>\n<p>Quesille tambi\u00e9n subray\u00f3 la importancia de una planificaci\u00f3n nacional: &#8220;Es necesario una acci\u00f3n clara, directa y concreta por parte de la Delegaci\u00f3n Provincial del Tamarugal. El Estado debe garantizar que estos ni\u00f1os tengan acceso a servicios b\u00e1sicos como agua, comida o abrigo&#8221;.<\/p>\n","protected":false},"excerpt":{"rendered":"<p>La Defensor\u00eda de la Ni\u00f1ez ha denunciado falta de condiciones humanitarias m\u00ednimas para ni\u00f1os, ni\u00f1as y adolescentes migrantes en el Complejo Fronterizo Colchane, tras una visita realizada recientemente<\/p>\n","protected":false},"author":2,"featured_media":12391,"comment_status":"closed","ping_status":"open","sticky":false,"template":"","format":"standard","meta":{"_jetpack_memberships_contains_paid_content":false,"jnews-multi-image_gallery":[],"jnews_single_post":[],"jnews_primary_category":[],"jnews_social_meta":[],"jnews_paywall_metabox":[],"jnews_review":[],"enable_review":"","type":"","name":"","summary":"","brand":"","sku":"","good":[],"bad":[],"score_override":"","override_value":"","rating":[],"price":[],"jnews_override_counter":[],"jnews_post_split":[],"footnotes":""},"categories":[21],"tags":[],"class_list":["post-12392","post","type-post","status-publish","format-standard","has-post-thumbnail","hentry","category-nacional"],"jetpack_featured_media_url":"https:\/\/laserenaradio.cl\/web\/wp-content\/uploads\/2025\/02\/homepiaiextractoscrapimg_webpDefensoriaNinez_1.webp","jetpack_sharing_enabled":true,"_links":{"self":[{"href":"https:\/\/laserenaradio.cl\/web\/wp-json\/wp\/v2\/posts\/12392","targetHints":{"allow":["GET"]}}],"collection":[{"href":"https:\/\/laserenaradio.cl\/web\/wp-json\/wp\/v2\/posts"}],"about":[{"href":"https:\/\/laserenaradio.cl\/web\/wp-json\/wp\/v2\/types\/post"}],"author":[{"embeddable":true,"href":"https:\/\/laserenaradio.cl\/web\/wp-json\/wp\/v2\/users\/2"}],"replies":[{"embeddable":true,"href":"https:\/\/laserenaradio.cl\/web\/wp-json\/wp\/v2\/comments?post=12392"}],"version-history":[{"count":1,"href":"https:\/\/laserenaradio.cl\/web\/wp-json\/wp\/v2\/posts\/12392\/revisions"}],"predecessor-version":[{"id":12393,"href":"https:\/\/laserenaradio.cl\/web\/wp-json\/wp\/v2\/posts\/12392\/revisions\/12393"}],"wp:featuredmedia":[{"embeddable":true,"href":"https:\/\/laserenaradio.cl\/web\/wp-json\/wp\/v2\/media\/12391"}],"wp:attachment":[{"href":"https:\/\/laserenaradio.cl\/web\/wp-json\/wp\/v2\/media?parent=12392"}],"wp:term":[{"taxonomy":"category","embeddable":true,"href":"https:\/\/laserenaradio.cl\/web\/wp-json\/wp\/v2\/categories?post=12392"},{"taxonomy":"post_tag","embeddable":true,"href":"https:\/\/laserenaradio.cl\/web\/wp-json\/wp\/v2\/tags?post=12392"}],"curies":[{"name":"wp","href":"https:\/\/api.w.org\/{rel}","templated":true}]}}