{"id":12389,"date":"2025-02-28T12:56:59","date_gmt":"2025-02-28T15:56:59","guid":{"rendered":"https:\/\/laserenaradio.cl\/web\/?p=12389"},"modified":"2025-02-28T12:56:59","modified_gmt":"2025-02-28T15:56:59","slug":"la-economia-local-comienza-a-mostrar-signos-de-debilidad-con-la-caida-de-las-compras-online","status":"publish","type":"post","link":"https:\/\/laserenaradio.cl\/web\/2025\/02\/28\/la-economia-local-comienza-a-mostrar-signos-de-debilidad-con-la-caida-de-las-compras-online\/","title":{"rendered":"La econom\u00eda local comienza a mostrar signos de debilidad con la ca\u00edda de las compras online"},"content":{"rendered":"<p><b>Se acerca el fin de las vacaciones y con ello comienzan a aparecer los primeros signos del desempe\u00f1o de la econom\u00eda local<\/b><!--more-->.<\/p>\n<p>Un indicador relevante es la ca\u00edda en el inter\u00e9s por consumir v\u00eda online durante enero, seg\u00fan los Indicadores Econ\u00f3micos de Alta Frecuencia elaborados por el Centro de Investigaci\u00f3n de Empresa y Sociedad (CIES-UDD) de la Universidad del Desarrollo.<\/p>\n<p>El \u00edndice que mide el inter\u00e9s en tiendas de compra de ropa, alimentos y electr\u00f3nica registr\u00f3 una contracci\u00f3n mensual de 2,5% en el primer mes del a\u00f1o.<\/p>\n<p>Seg\u00fan V\u00edctor Mart\u00ednez, director del CIES-UDD, durante 2024 se observ\u00f3 un impulso en el consumo debido a mejores condiciones de financiamiento, resultado de los recortes que hizo el Banco Central a su Tasa de Pol\u00edtica Monetaria (TPM). \u201cEste escenario reducir\u00e1 su impacto en 2025\u201d, indic\u00f3 Mart\u00ednez. Prev\u00e9 que en el corto plazo no habr\u00e1 m\u00e1s descensos en el tipo rector, y la pausa se podr\u00eda extender al segundo semestre.<\/p>\n<p>El mercado laboral tendr\u00e1 mejoras, pero estas no significar\u00e1n un gran impacto en la econom\u00eda general o una mejora notable en la sensaci\u00f3n de trabajo para las familias. Esto es coherente con un consumo m\u00e1s debilitado que no muestra se\u00f1ales de despegar, sino una recuperaci\u00f3n marginal.<\/p>\n<p>El Banco Central proyect\u00f3 en el Informe de Pol\u00edtica Monetaria (IPoM) de diciembre una expansi\u00f3n del consumo privado de s\u00f3lo 1,1% este a\u00f1o. En este contexto, el Producto Interno Bruto (PIB) lo har\u00eda entre 1,5% y 2,5%.<\/p>\n<p>Los indicadores de Alta Frecuencia tambi\u00e9n mostraron que la creaci\u00f3n de empresas lleg\u00f3 a 16.704 en enero, superando las 13.327 del mismo mes del a\u00f1o anterior. Esto representa un avance anual del 25,3%, aunque es menor al 34,5% de diciembre.<\/p>\n<p>El director del CIES-UDD se\u00f1al\u00f3 que este dato sugiere una mayor actividad empresarial en los \u00faltimos meses de 2024 y mayores expectativas de inversi\u00f3n para 2025.<\/p>\n<p>La tasa de desempleo en Chile cerr\u00f3 el a\u00f1o pasado en un 8,5%. En este contexto, el inter\u00e9s por prestaciones de desempleo mostr\u00f3 aumentos durante todo 2024.<\/p>\n<p>En los dos \u00faltimos meses del a\u00f1o -noviembre y diciembre- se registraron alzas en los cotizantes del sistema de pensiones. Noviembre registr\u00f3 una variaci\u00f3n anual de 1,3%, mientras que la de diciembre fue de 1,9%.<\/p>\n<p>Los datos sugieren una inyecci\u00f3n de dinamismo en los \u00faltimos meses de la producci\u00f3n de bienes.<\/p>\n<p>Con este escenario base, el 2025 es posible que muestre aumentos en el n\u00famero de trabajadores, impulsado por un aumento en la Formaci\u00f3n Bruta de Capital Fijo (FBCF) esperada para el mercado. Mayor inversi\u00f3n implicar\u00e1 m\u00e1s trabajo, pero a\u00fan no parecer\u00e1 alcanzar este aumento para hablar de una recuperaci\u00f3n completa en 2025.<\/p>\n","protected":false},"excerpt":{"rendered":"<p>Se acerca el fin de las vacaciones y con ello comienzan a aparecer los primeros signos del desempe\u00f1o de la econom\u00eda local<\/p>\n","protected":false},"author":2,"featured_media":12388,"comment_status":"closed","ping_status":"open","sticky":false,"template":"","format":"standard","meta":{"_jetpack_memberships_contains_paid_content":false,"jnews-multi-image_gallery":[],"jnews_single_post":[],"jnews_primary_category":[],"jnews_social_meta":[],"jnews_paywall_metabox":[],"jnews_review":[],"enable_review":"","type":"","name":"","summary":"","brand":"","sku":"","good":[],"bad":[],"score_override":"","override_value":"","rating":[],"price":[],"jnews_override_counter":[],"jnews_post_split":[],"footnotes":""},"categories":[85],"tags":[],"class_list":["post-12389","post","type-post","status-publish","format-standard","has-post-thumbnail","hentry","category-economia"],"jetpack_featured_media_url":"https:\/\/laserenaradio.cl\/web\/wp-content\/uploads\/2025\/02\/homepiaiextractoscrapimg_webpconsumomercado_1.webp","jetpack_sharing_enabled":true,"_links":{"self":[{"href":"https:\/\/laserenaradio.cl\/web\/wp-json\/wp\/v2\/posts\/12389","targetHints":{"allow":["GET"]}}],"collection":[{"href":"https:\/\/laserenaradio.cl\/web\/wp-json\/wp\/v2\/posts"}],"about":[{"href":"https:\/\/laserenaradio.cl\/web\/wp-json\/wp\/v2\/types\/post"}],"author":[{"embeddable":true,"href":"https:\/\/laserenaradio.cl\/web\/wp-json\/wp\/v2\/users\/2"}],"replies":[{"embeddable":true,"href":"https:\/\/laserenaradio.cl\/web\/wp-json\/wp\/v2\/comments?post=12389"}],"version-history":[{"count":1,"href":"https:\/\/laserenaradio.cl\/web\/wp-json\/wp\/v2\/posts\/12389\/revisions"}],"predecessor-version":[{"id":12390,"href":"https:\/\/laserenaradio.cl\/web\/wp-json\/wp\/v2\/posts\/12389\/revisions\/12390"}],"wp:featuredmedia":[{"embeddable":true,"href":"https:\/\/laserenaradio.cl\/web\/wp-json\/wp\/v2\/media\/12388"}],"wp:attachment":[{"href":"https:\/\/laserenaradio.cl\/web\/wp-json\/wp\/v2\/media?parent=12389"}],"wp:term":[{"taxonomy":"category","embeddable":true,"href":"https:\/\/laserenaradio.cl\/web\/wp-json\/wp\/v2\/categories?post=12389"},{"taxonomy":"post_tag","embeddable":true,"href":"https:\/\/laserenaradio.cl\/web\/wp-json\/wp\/v2\/tags?post=12389"}],"curies":[{"name":"wp","href":"https:\/\/api.w.org\/{rel}","templated":true}]}}