{"id":12383,"date":"2025-02-28T11:18:30","date_gmt":"2025-02-28T14:18:30","guid":{"rendered":"https:\/\/laserenaradio.cl\/web\/?p=12383"},"modified":"2025-02-28T11:18:30","modified_gmt":"2025-02-28T14:18:30","slug":"sin-especulaciones-toha-se-mantuvo-firme-en-su-postura-con-respecto-a-su-posible-candidatura-presidencial","status":"publish","type":"post","link":"https:\/\/laserenaradio.cl\/web\/2025\/02\/28\/sin-especulaciones-toha-se-mantuvo-firme-en-su-postura-con-respecto-a-su-posible-candidatura-presidencial\/","title":{"rendered":"Sin especulaciones, Toh\u00e1 se mantuvo firme en su postura con respecto a su posible candidatura presidencial"},"content":{"rendered":"<p><b>En medio del avance de las obras del eje Alameda, la ministra del Interior Carolina Toh\u00e1 se refiri\u00f3 a especulaciones sobre su candidatura a La Moneda durante una visita a La Paz para la reconducci\u00f3n de migrantes irregulares.<\/b><!--more--><\/p>\n<p>Toh\u00e1, consultada por periodistas, indic\u00f3 que no ha tomado ninguna decisi\u00f3n al respecto y que estas definiciones se dar\u00e1n en el mes de marzo. &#8220;Seg\u00fan algunos, yo renuncie ayer y pasaron no s\u00e9 cu\u00e1ntas cosas&#8221;, expres\u00f3 Carolina Toh\u00e1, &#8220;la verdad es que hemos dicho hartas veces que estas definiciones se van a tomar en el mes de marzo&#8221;.<\/p>\n<p>Asegur\u00f3 que hay rumores y especulaciones sin fundamento, al tiempo que record\u00f3 haber vuelto de La Paz con mensajes orientando respecto de la supuesta candidatura. En tanto, Toh\u00e1 enfatiz\u00f3 que &#8220;falta poquito&#8221; para que se tomen estas definiciones, invitando a la no circulaci\u00f3n de rumores y especulaciones. Asegur\u00f3 que cuando regres\u00f3 de La Paz y prendi\u00f3 su tel\u00e9fono estaba lleno de mensajes con orientaciones sobre su supuesta candidatura.<\/p>\n<p>La carrera presidencial en el oficialismo es crucial para marzo, ya que m\u00e1s all\u00e1 de la definici\u00f3n de Toh\u00e1, tambi\u00e9n se especula que su colega Jeannette Jara del Ministerio de Trabajo podr\u00eda ser precandidata.<\/p>\n<p>Esto significar\u00eda nuevos ajustes en el gabinete para el \u00faltimo a\u00f1o de gesti\u00f3n, todo ello sin considerar una posible repostulaci\u00f3n de la exPresidenta Michelle Bachelet a La Moneda.<\/p>\n<p>La ministra Toh\u00e1 dej\u00f3 claro que &#8220;falta muy poco&#8221; y que estas decisiones se tomar\u00e1n seg\u00fan lo programado. Asimismo, advirti\u00f3 sobre el peligro de especular acerca del futuro pol\u00edtico del equipo actual en la administraci\u00f3n.<\/p>\n","protected":false},"excerpt":{"rendered":"<p>En medio del avance de las obras del eje Alameda, la ministra del Interior Carolina Toh\u00e1 se refiri\u00f3 a especulaciones sobre su candidatura a La Moneda durante una visita a La Paz para la reconducci\u00f3n de migrantes irregulares.<\/p>\n","protected":false},"author":2,"featured_media":12382,"comment_status":"closed","ping_status":"open","sticky":false,"template":"","format":"standard","meta":{"_jetpack_memberships_contains_paid_content":false,"jnews-multi-image_gallery":[],"jnews_single_post":[],"jnews_primary_category":[],"jnews_social_meta":[],"jnews_paywall_metabox":[],"jnews_review":[],"enable_review":"","type":"","name":"","summary":"","brand":"","sku":"","good":[],"bad":[],"score_override":"","override_value":"","rating":[],"price":[],"jnews_override_counter":[],"jnews_post_split":[],"footnotes":""},"categories":[83],"tags":[],"class_list":["post-12383","post","type-post","status-publish","format-standard","has-post-thumbnail","hentry","category-politica"],"jetpack_featured_media_url":"https:\/\/laserenaradio.cl\/web\/wp-content\/uploads\/2025\/02\/homepiaiextractoscrapimg_predeterminadalaserenaradio_politica-2.webp","jetpack_sharing_enabled":true,"_links":{"self":[{"href":"https:\/\/laserenaradio.cl\/web\/wp-json\/wp\/v2\/posts\/12383","targetHints":{"allow":["GET"]}}],"collection":[{"href":"https:\/\/laserenaradio.cl\/web\/wp-json\/wp\/v2\/posts"}],"about":[{"href":"https:\/\/laserenaradio.cl\/web\/wp-json\/wp\/v2\/types\/post"}],"author":[{"embeddable":true,"href":"https:\/\/laserenaradio.cl\/web\/wp-json\/wp\/v2\/users\/2"}],"replies":[{"embeddable":true,"href":"https:\/\/laserenaradio.cl\/web\/wp-json\/wp\/v2\/comments?post=12383"}],"version-history":[{"count":1,"href":"https:\/\/laserenaradio.cl\/web\/wp-json\/wp\/v2\/posts\/12383\/revisions"}],"predecessor-version":[{"id":12384,"href":"https:\/\/laserenaradio.cl\/web\/wp-json\/wp\/v2\/posts\/12383\/revisions\/12384"}],"wp:featuredmedia":[{"embeddable":true,"href":"https:\/\/laserenaradio.cl\/web\/wp-json\/wp\/v2\/media\/12382"}],"wp:attachment":[{"href":"https:\/\/laserenaradio.cl\/web\/wp-json\/wp\/v2\/media?parent=12383"}],"wp:term":[{"taxonomy":"category","embeddable":true,"href":"https:\/\/laserenaradio.cl\/web\/wp-json\/wp\/v2\/categories?post=12383"},{"taxonomy":"post_tag","embeddable":true,"href":"https:\/\/laserenaradio.cl\/web\/wp-json\/wp\/v2\/tags?post=12383"}],"curies":[{"name":"wp","href":"https:\/\/api.w.org\/{rel}","templated":true}]}}