{"id":12380,"date":"2025-02-28T10:31:39","date_gmt":"2025-02-28T13:31:39","guid":{"rendered":"https:\/\/laserenaradio.cl\/web\/?p=12380"},"modified":"2025-02-28T10:31:39","modified_gmt":"2025-02-28T13:31:39","slug":"boric-hace-un-llamado-a-los-ministros-para-trabajar-arduamente-en-el-ultimo-ano-de-su-gestion","status":"publish","type":"post","link":"https:\/\/laserenaradio.cl\/web\/2025\/02\/28\/boric-hace-un-llamado-a-los-ministros-para-trabajar-arduamente-en-el-ultimo-ano-de-su-gestion\/","title":{"rendered":"Boric hace un llamado a los ministros para trabajar arduamente en el \u00faltimo a\u00f1o de su gesti\u00f3n"},"content":{"rendered":"<p><b>El presidente Gabriel Boric enfatiz\u00f3 la importancia de seguir trabajando arduamente para evitar el \u201cs\u00edndrome del pato cojo\u201d en su \u00faltimo a\u00f1o como mandatario<\/b><!--more-->.<\/p>\n<p>Durante el Consejo de Gabinete, celebrado en La Moneda, el gobernante destac\u00f3 los principios fundamentales que ha asumido su administraci\u00f3n: honestidad, transparencia y avanzar hacia mayor igualdad y protecci\u00f3n social.<\/p>\n<p>\u201cDesde nuestra asunci\u00f3n hace tres a\u00f1os, nos hemos comprometido a implementar pol\u00edticas que beneficien al pa\u00eds. A pesar de las dificultades, logramos realizar importantes avances\u201d, afirm\u00f3 Boric.<\/p>\n<p>Destac\u00f3 iniciativas como el copago cero en salud y la reforma del sueldo m\u00ednimo, criticando las cr\u00edticas provenientes de la oposici\u00f3n.<\/p>\n<p>\u201cHemos enfrentado desaf\u00edos como el caso del royalty, donde hubo escepticismo, pero logramos abrir caminos para los acuerdos\u201d, resalt\u00f3. Adem\u00e1s, Boric celebr\u00f3 la aprobaci\u00f3n de la reforma de pensiones, aunque reconoci\u00f3 que su implementaci\u00f3n es un gran desaf\u00edo. \u201cEste a\u00f1o es crucial consolidar la estabilidad econ\u00f3mica y la seguridad p\u00fablica\u201d, enfatiz\u00f3, asegurando que la Seguridad P\u00fablica sigue siendo la prioridad.<\/p>\n<p>El mandatario inst\u00f3 a sus ministros a trabajar en la consolidaci\u00f3n del gobierno y evitar el \u201cs\u00edndrome del pato cojo\u201d en su \u00faltimo a\u00f1o.<\/p>\n<p>\u201cEste martes tuvimos una situaci\u00f3n donde el gobierno mostr\u00f3 sentido de urgencia, velando por la seguridad de las familias\u201d, record\u00f3.<\/p>\n<p>En respuesta a cr\u00edticas desde la oposici\u00f3n tras la emergencia, Boric asegur\u00f3 que tom\u00f3 medidas para proteger al pa\u00eds y que se har\u00e1 valer la responsabilidad de las empresas. \u201cVamos a fiscalizar y hacer valer esa responsabilidad\u201d, sentenci\u00f3.<\/p>\n<p>\u201cEste lunes, Chile retoma su actividad ordinaria. Como Gobierno, debemos estar enfocados en nuestras prioridades y soluciones para nuestros compatriotas\u201d, concluy\u00f3 Boric, animando a sus ministros a una labor incansable hasta el final de su mandato.<\/p>\n","protected":false},"excerpt":{"rendered":"<p>El presidente Gabriel Boric enfatiz\u00f3 la importancia de seguir trabajando arduamente para evitar el \u201cs\u00edndrome del pato cojo\u201d en su \u00faltimo a\u00f1o como mandatario<\/p>\n","protected":false},"author":2,"featured_media":12379,"comment_status":"closed","ping_status":"open","sticky":false,"template":"","format":"standard","meta":{"_jetpack_memberships_contains_paid_content":false,"jnews-multi-image_gallery":[],"jnews_single_post":[],"jnews_primary_category":[],"jnews_social_meta":[],"jnews_paywall_metabox":[],"jnews_review":[],"enable_review":"","type":"","name":"","summary":"","brand":"","sku":"","good":[],"bad":[],"score_override":"","override_value":"","rating":[],"price":[],"jnews_override_counter":[],"jnews_post_split":[],"footnotes":""},"categories":[83],"tags":[],"class_list":["post-12380","post","type-post","status-publish","format-standard","has-post-thumbnail","hentry","category-politica"],"jetpack_featured_media_url":"https:\/\/laserenaradio.cl\/web\/wp-content\/uploads\/2025\/02\/homepiaiextractoscrapimg_webpBoricBoric_1.webp","jetpack_sharing_enabled":true,"_links":{"self":[{"href":"https:\/\/laserenaradio.cl\/web\/wp-json\/wp\/v2\/posts\/12380","targetHints":{"allow":["GET"]}}],"collection":[{"href":"https:\/\/laserenaradio.cl\/web\/wp-json\/wp\/v2\/posts"}],"about":[{"href":"https:\/\/laserenaradio.cl\/web\/wp-json\/wp\/v2\/types\/post"}],"author":[{"embeddable":true,"href":"https:\/\/laserenaradio.cl\/web\/wp-json\/wp\/v2\/users\/2"}],"replies":[{"embeddable":true,"href":"https:\/\/laserenaradio.cl\/web\/wp-json\/wp\/v2\/comments?post=12380"}],"version-history":[{"count":1,"href":"https:\/\/laserenaradio.cl\/web\/wp-json\/wp\/v2\/posts\/12380\/revisions"}],"predecessor-version":[{"id":12381,"href":"https:\/\/laserenaradio.cl\/web\/wp-json\/wp\/v2\/posts\/12380\/revisions\/12381"}],"wp:featuredmedia":[{"embeddable":true,"href":"https:\/\/laserenaradio.cl\/web\/wp-json\/wp\/v2\/media\/12379"}],"wp:attachment":[{"href":"https:\/\/laserenaradio.cl\/web\/wp-json\/wp\/v2\/media?parent=12380"}],"wp:term":[{"taxonomy":"category","embeddable":true,"href":"https:\/\/laserenaradio.cl\/web\/wp-json\/wp\/v2\/categories?post=12380"},{"taxonomy":"post_tag","embeddable":true,"href":"https:\/\/laserenaradio.cl\/web\/wp-json\/wp\/v2\/tags?post=12380"}],"curies":[{"name":"wp","href":"https:\/\/api.w.org\/{rel}","templated":true}]}}