{"id":12374,"date":"2025-02-28T10:20:42","date_gmt":"2025-02-28T13:20:42","guid":{"rendered":"https:\/\/laserenaradio.cl\/web\/?p=12374"},"modified":"2025-02-28T10:20:42","modified_gmt":"2025-02-28T13:20:42","slug":"asesinan-a-tiros-a-hombre-en-un-barrio-de-santiago","status":"publish","type":"post","link":"https:\/\/laserenaradio.cl\/web\/2025\/02\/28\/asesinan-a-tiros-a-hombre-en-un-barrio-de-santiago\/","title":{"rendered":"Asesinan a tiros a hombre en un barrio de Santiago"},"content":{"rendered":"<p><b>En la madrugada del viernes, en el barrio Bellavista de Santiago, Chile, se registr\u00f3 un asesinato a tiros que ha conmocionado a los residentes locales<\/b><!--more-->.<\/p>\n<p>Seg\u00fan inform\u00f3 el fiscal ECOH, Alberto R\u00edos, el crimen tuvo lugar alrededor de las 3:30 AM en la calle P\u00edo Nono, cerca del campus de la Universidad San Sebasti\u00e1n.<\/p>\n<p>El hecho involucra a dos personas que estaban sentadas en una banqueta junto a un carro de comidas cuando dos individuos llegaron en una moto.<\/p>\n<p>Solo uno de los hombres result\u00f3 herido y muri\u00f3 tras recibir al menos nueve impactos bal\u00edsticos, mientras que su amigo logr\u00f3 sobrevivir.<\/p>\n<p>\u201cSe presume que el arma de fuego fue utilizada para este crimen\u201d, se\u00f1al\u00f3 R\u00edos, quien tambi\u00e9n explic\u00f3 que la v\u00edctima y su compa\u00f1ero esperaban ser atendidos por un carrito de comida en ese lugar.<\/p>\n<p>El fiscal detall\u00f3 que no se trata de un robo. \u201cEstos sujetos fueron espec\u00edficamente a matar a la v\u00edctima; no hubo una discusi\u00f3n previa, simplemente se le dispararon\u201d, agreg\u00f3 R\u00edos.<\/p>\n<p>La investigaci\u00f3n actualmente se centra en esclarecer los motivos y el contexto del crimen, mientras que las autoridades trabajan para identificar a los sospechosos.<\/p>\n","protected":false},"excerpt":{"rendered":"<p>En la madrugada del viernes, en el barrio Bellavista de Santiago, Chile, se registr\u00f3 un asesinato a tiros que ha conmocionado a los residentes locales<\/p>\n","protected":false},"author":2,"featured_media":12373,"comment_status":"closed","ping_status":"open","sticky":false,"template":"","format":"standard","meta":{"_jetpack_memberships_contains_paid_content":false,"jnews-multi-image_gallery":[],"jnews_single_post":[],"jnews_primary_category":[],"jnews_social_meta":[],"jnews_paywall_metabox":[],"jnews_review":[],"enable_review":"","type":"","name":"","summary":"","brand":"","sku":"","good":[],"bad":[],"score_override":"","override_value":"","rating":[],"price":[],"jnews_override_counter":[],"jnews_post_split":[],"footnotes":""},"categories":[21],"tags":[],"class_list":["post-12374","post","type-post","status-publish","format-standard","has-post-thumbnail","hentry","category-nacional"],"jetpack_featured_media_url":"https:\/\/laserenaradio.cl\/web\/wp-content\/uploads\/2025\/02\/homepiaiextractoscrapimg_webpAsesinanSantiago_0.webp","jetpack_sharing_enabled":true,"_links":{"self":[{"href":"https:\/\/laserenaradio.cl\/web\/wp-json\/wp\/v2\/posts\/12374","targetHints":{"allow":["GET"]}}],"collection":[{"href":"https:\/\/laserenaradio.cl\/web\/wp-json\/wp\/v2\/posts"}],"about":[{"href":"https:\/\/laserenaradio.cl\/web\/wp-json\/wp\/v2\/types\/post"}],"author":[{"embeddable":true,"href":"https:\/\/laserenaradio.cl\/web\/wp-json\/wp\/v2\/users\/2"}],"replies":[{"embeddable":true,"href":"https:\/\/laserenaradio.cl\/web\/wp-json\/wp\/v2\/comments?post=12374"}],"version-history":[{"count":1,"href":"https:\/\/laserenaradio.cl\/web\/wp-json\/wp\/v2\/posts\/12374\/revisions"}],"predecessor-version":[{"id":12375,"href":"https:\/\/laserenaradio.cl\/web\/wp-json\/wp\/v2\/posts\/12374\/revisions\/12375"}],"wp:featuredmedia":[{"embeddable":true,"href":"https:\/\/laserenaradio.cl\/web\/wp-json\/wp\/v2\/media\/12373"}],"wp:attachment":[{"href":"https:\/\/laserenaradio.cl\/web\/wp-json\/wp\/v2\/media?parent=12374"}],"wp:term":[{"taxonomy":"category","embeddable":true,"href":"https:\/\/laserenaradio.cl\/web\/wp-json\/wp\/v2\/categories?post=12374"},{"taxonomy":"post_tag","embeddable":true,"href":"https:\/\/laserenaradio.cl\/web\/wp-json\/wp\/v2\/tags?post=12374"}],"curies":[{"name":"wp","href":"https:\/\/api.w.org\/{rel}","templated":true}]}}