{"id":12371,"date":"2025-02-28T10:17:41","date_gmt":"2025-02-28T13:17:41","guid":{"rendered":"https:\/\/laserenaradio.cl\/web\/?p=12371"},"modified":"2025-02-28T10:17:41","modified_gmt":"2025-02-28T13:17:41","slug":"royston-drenthe-revela-racismo-de-messi-en-partido-con-hercules","status":"publish","type":"post","link":"https:\/\/laserenaradio.cl\/web\/2025\/02\/28\/royston-drenthe-revela-racismo-de-messi-en-partido-con-hercules\/","title":{"rendered":"Royston Drenthe revela &#8216;racismo&#8217; de Messi en partido con H\u00e9rcules"},"content":{"rendered":"<p><b>En una entrevista reciente con Jordi Wild en el podcast The Wild Project, Royston Drenthe, ex lateral del Real Madrid y H\u00e9rcules, ha desvelado un episodio controvertido sobre supuesto racismo de Lionel Messi durante su \u00e9poca en La Liga<\/b><!--more-->.<\/p>\n<p>Seg\u00fan Drenthe, el astro argentino le llam\u00f3 &#8220;negro de mierda&#8221; en una ocasi\u00f3n durante un partido entre H\u00e9rcules y Barcelona. Sin embargo, antes de que el presentador pudiera reaccionar, Messi explic\u00f3 a Drenthe que los jugadores argentinos se refer\u00edan as\u00ed entre ellos, ya que consideraban normal ese tipo de bromeas.<\/p>\n<p>Drenthe comparti\u00f3: &#8220;Despu\u00e9s me dijo que los jugadores argentinos entre ellos se llamaban negros de mierda, para ellos era una cosa normal. Por ejemplo, le dec\u00edan a Garay y no le importaba&#8221;. Sin embargo, el neerland\u00e9s agreg\u00f3: &#8220;Tienen que entender que a un chico como yo, que ven\u00eda de otro pa\u00eds, no le gustaba&#8221;.<\/p>\n<p>A pesar de las explicaciones del &#8217;10&#8217; trasandino, Drenthe confes\u00f3 que &#8220;no es lo mismo que me lo dijeran mis amigos en el entrenamiento, que me lo dijera un rival&#8221;. A pesar de esta situaci\u00f3n, el ex futbolista expres\u00f3 su respeto hacia Messi: &#8220;Despu\u00e9s no hemos vuelto a hablarlo, el tema pas\u00f3. Le tengo mucho respeto a \u00e9l porque ha sido uno de los mejores jugadores del mundo&#8221;.<\/p>\n<p>Esta revelaci\u00f3n ha generado debate en Espa\u00f1a sobre la din\u00e1mica cultural y las pr\u00e1cticas dentro del f\u00fatbol, destacando c\u00f3mo ciertas costumbres podr\u00edan ser percibidas negativamente por jugadores de otros pa\u00edses.<\/p>\n","protected":false},"excerpt":{"rendered":"<p>En una entrevista reciente con Jordi Wild en el podcast The Wild Project, Royston Drenthe, ex lateral del Real Madrid y H\u00e9rcules, ha desvelado un episodio controvertido sobre supuesto racismo de Lionel Messi durante su \u00e9poca en La Liga<\/p>\n","protected":false},"author":2,"featured_media":12370,"comment_status":"closed","ping_status":"open","sticky":false,"template":"","format":"standard","meta":{"_jetpack_memberships_contains_paid_content":false,"jnews-multi-image_gallery":[],"jnews_single_post":[],"jnews_primary_category":[],"jnews_social_meta":[],"jnews_paywall_metabox":[],"jnews_review":[],"enable_review":"","type":"","name":"","summary":"","brand":"","sku":"","good":[],"bad":[],"score_override":"","override_value":"","rating":[],"price":[],"jnews_override_counter":[],"jnews_post_split":[],"footnotes":""},"categories":[84],"tags":[],"class_list":["post-12371","post","type-post","status-publish","format-standard","has-post-thumbnail","hentry","category-deportes"],"jetpack_featured_media_url":"https:\/\/laserenaradio.cl\/web\/wp-content\/uploads\/2025\/02\/homepiaiextractoscrapimg_webpDrenthelejugadoresMessi_1.webp","jetpack_sharing_enabled":true,"_links":{"self":[{"href":"https:\/\/laserenaradio.cl\/web\/wp-json\/wp\/v2\/posts\/12371","targetHints":{"allow":["GET"]}}],"collection":[{"href":"https:\/\/laserenaradio.cl\/web\/wp-json\/wp\/v2\/posts"}],"about":[{"href":"https:\/\/laserenaradio.cl\/web\/wp-json\/wp\/v2\/types\/post"}],"author":[{"embeddable":true,"href":"https:\/\/laserenaradio.cl\/web\/wp-json\/wp\/v2\/users\/2"}],"replies":[{"embeddable":true,"href":"https:\/\/laserenaradio.cl\/web\/wp-json\/wp\/v2\/comments?post=12371"}],"version-history":[{"count":1,"href":"https:\/\/laserenaradio.cl\/web\/wp-json\/wp\/v2\/posts\/12371\/revisions"}],"predecessor-version":[{"id":12372,"href":"https:\/\/laserenaradio.cl\/web\/wp-json\/wp\/v2\/posts\/12371\/revisions\/12372"}],"wp:featuredmedia":[{"embeddable":true,"href":"https:\/\/laserenaradio.cl\/web\/wp-json\/wp\/v2\/media\/12370"}],"wp:attachment":[{"href":"https:\/\/laserenaradio.cl\/web\/wp-json\/wp\/v2\/media?parent=12371"}],"wp:term":[{"taxonomy":"category","embeddable":true,"href":"https:\/\/laserenaradio.cl\/web\/wp-json\/wp\/v2\/categories?post=12371"},{"taxonomy":"post_tag","embeddable":true,"href":"https:\/\/laserenaradio.cl\/web\/wp-json\/wp\/v2\/tags?post=12371"}],"curies":[{"name":"wp","href":"https:\/\/api.w.org\/{rel}","templated":true}]}}