{"id":12368,"date":"2025-02-28T10:12:55","date_gmt":"2025-02-28T13:12:55","guid":{"rendered":"https:\/\/laserenaradio.cl\/web\/?p=12368"},"modified":"2025-02-28T10:12:55","modified_gmt":"2025-02-28T13:12:55","slug":"la-contraloria-general-fortalece-la-supervision-y-transparencia-sobre-los-gastos-reservados","status":"publish","type":"post","link":"https:\/\/laserenaradio.cl\/web\/2025\/02\/28\/la-contraloria-general-fortalece-la-supervision-y-transparencia-sobre-los-gastos-reservados\/","title":{"rendered":"La Contralor\u00eda General fortalece la supervisi\u00f3n y transparencia sobre los gastos reservados"},"content":{"rendered":"<p><b>La Contralor\u00eda General de la Rep\u00fablica ha emitido un nuevo oficio, N\u00b0 E33069\/2025, que restructure el uso de gastos reservados y abandona las directrices vigentes desde 2003<\/b><!--more-->.<\/p>\n<p>Esta medida responde a los esc\u00e1ndalos asociados al exsubsecretario del Interior, Manuel Monsalve, quien utiliz\u00f3 indebidamente estos fondos.<\/p>\n<p>El nuevo instructivo establece regulaciones m\u00e1s rigurosas para el manejo de recursos reservados, limitando su disponibilidad solo a ciertos organismos, como la Presidencia de la Rep\u00fablica, los ministerios del Interior, Relaciones Exteriores y Defensa, as\u00ed como las Fuerzas Armadas, <a href=\"https:\/\/www.carabineros.cl\/\">Carabineros<\/a>, Polic\u00eda de Investigaciones y ANI.<\/p>\n<p>Entre los cambios principales est\u00e1 la necesidad de identificar mediante resoluciones reservadas las unidades operativas que manejar\u00e1n estos fondos, detallando jefaturas responsables y sus subrogantes, y remitiendo estas resoluciones a la Contralor\u00eda para mayor control.<\/p>\n<p>Adem\u00e1s, se exige a las jefaturas presentar una Declaraci\u00f3n de Intereses y Patrimonio (DIP) conforme a la Ley de Probidad en la Funci\u00f3n P\u00fablica. Esta obligaci\u00f3n busca prevenir conflictos de inter\u00e9s y mejorar la transparencia.<\/p>\n<p>Se requiere asimismo que proporcionen informaci\u00f3n detallada sobre el uso de los gastos reservados para informes semestrales y anuales, remitidos a la Contralor\u00eda General. Este ajuste normativo surgi\u00f3 tras las denuncias vinculadas al uso indebido de gastos reservados por Manuel Monsalve.<\/p>\n<p>Aunque la investigaci\u00f3n contin\u00faa, el caso evidenci\u00f3 una falta de regulaci\u00f3n efectiva y deriv\u00f3 en esta actualizaci\u00f3n sin precedentes. Con este nuevo marco regulatorio, la Contralor\u00eda fortalecer\u00e1 la supervisi\u00f3n y transparencia en el manejo de recursos hist\u00f3ricamente dif\u00edcilmente fiscalizables.<\/p>\n<p>Uno de los mayores cambios es la obligaci\u00f3n clara de rendir cuentas del gasto, que ahora incluye al Presidente de la Rep\u00fablica y otras reparticiones estatales con acceso a estos fondos discrecional.<\/p>\n","protected":false},"excerpt":{"rendered":"<p>La Contralor\u00eda General de la Rep\u00fablica ha emitido un nuevo oficio, N\u00b0 E33069\/2025, que restructure el uso de gastos reservados y abandona las directrices vigentes desde 2003<\/p>\n","protected":false},"author":2,"featured_media":12367,"comment_status":"closed","ping_status":"open","sticky":false,"template":"","format":"standard","meta":{"_jetpack_memberships_contains_paid_content":false,"jnews-multi-image_gallery":[],"jnews_single_post":[],"jnews_primary_category":[],"jnews_social_meta":[],"jnews_paywall_metabox":[],"jnews_review":[],"enable_review":"","type":"","name":"","summary":"","brand":"","sku":"","good":[],"bad":[],"score_override":"","override_value":"","rating":[],"price":[],"jnews_override_counter":[],"jnews_post_split":[],"footnotes":""},"categories":[21],"tags":[],"class_list":["post-12368","post","type-post","status-publish","format-standard","has-post-thumbnail","hentry","category-nacional"],"jetpack_featured_media_url":"https:\/\/laserenaradio.cl\/web\/wp-content\/uploads\/2025\/02\/homepiaiextractoscrapimg_webpreservadosgastosGeneralnuevo_1.webp","jetpack_sharing_enabled":true,"_links":{"self":[{"href":"https:\/\/laserenaradio.cl\/web\/wp-json\/wp\/v2\/posts\/12368","targetHints":{"allow":["GET"]}}],"collection":[{"href":"https:\/\/laserenaradio.cl\/web\/wp-json\/wp\/v2\/posts"}],"about":[{"href":"https:\/\/laserenaradio.cl\/web\/wp-json\/wp\/v2\/types\/post"}],"author":[{"embeddable":true,"href":"https:\/\/laserenaradio.cl\/web\/wp-json\/wp\/v2\/users\/2"}],"replies":[{"embeddable":true,"href":"https:\/\/laserenaradio.cl\/web\/wp-json\/wp\/v2\/comments?post=12368"}],"version-history":[{"count":1,"href":"https:\/\/laserenaradio.cl\/web\/wp-json\/wp\/v2\/posts\/12368\/revisions"}],"predecessor-version":[{"id":12369,"href":"https:\/\/laserenaradio.cl\/web\/wp-json\/wp\/v2\/posts\/12368\/revisions\/12369"}],"wp:featuredmedia":[{"embeddable":true,"href":"https:\/\/laserenaradio.cl\/web\/wp-json\/wp\/v2\/media\/12367"}],"wp:attachment":[{"href":"https:\/\/laserenaradio.cl\/web\/wp-json\/wp\/v2\/media?parent=12368"}],"wp:term":[{"taxonomy":"category","embeddable":true,"href":"https:\/\/laserenaradio.cl\/web\/wp-json\/wp\/v2\/categories?post=12368"},{"taxonomy":"post_tag","embeddable":true,"href":"https:\/\/laserenaradio.cl\/web\/wp-json\/wp\/v2\/tags?post=12368"}],"curies":[{"name":"wp","href":"https:\/\/api.w.org\/{rel}","templated":true}]}}